{"id":7842,"date":"2024-09-13T12:51:19","date_gmt":"2024-09-13T10:51:19","guid":{"rendered":"https:\/\/www.areabesos.com\/diario\/?p=7842"},"modified":"2024-09-13T12:51:20","modified_gmt":"2024-09-13T10:51:20","slug":"tornen-les-activitats-a-la-jugatecambiental-de-la-platja-del-forum","status":"publish","type":"post","link":"https:\/\/www.areabesos.com\/diario\/tornen-les-activitats-a-la-jugatecambiental-de-la-platja-del-forum\/","title":{"rendered":"Tornen les activitats a la jugatecambiental de la Platja del F\u00f2rum"},"content":{"rendered":"\n<p>Despr\u00e9s de l&#8217;aturada durant els mesos d&#8217;estiu, aquest diumenge retornen les&nbsp;<strong>activitats familiars<\/strong>&nbsp;a la jugatecambiental de la Platja del F\u00f2rum.<\/p>\n\n\n\n<p class=\" \">L&#8217;acc\u00e9s a la jugatecambiental i els seus serveis \u00e9s gratu\u00eft, aix\u00ed com totes les activitats ambientals proposades a les fam\u00edlies.&nbsp;La Jugatecambiental es tracta d&#8217;un espai l\u00fadic i educatiu obert tots els diumenges al mat\u00ed on es pot trobar des d&#8217;un espai de joc per als m\u00e9s petits fins a tallers ambientals, itineraris guiats pel parc i servei de pr\u00e9stec de material.<\/p>\n\n\n\n<p>Les activitats que es duran a terme (tallers, itineraris, visites guiades,&#8230;) estaran desenvolupades per educadors ambientals amb experi\u00e8ncia i adre\u00e7ades fonamentalment a un p\u00fablic familiar on es posen en valor la import\u00e0ncia social, patrimonial i ambiental dels parcs aix\u00ed com tamb\u00e9 es promou el respecte per l&#8217;entorn i el civisme.<\/p>\n\n\n\n<p class=\" \"><strong>Actualment la JugatecaAmbiental es troba situada a la Platja del F\u00f2rum &#8211; Parc de la Pau<\/strong>.&nbsp;&nbsp;<\/p>\n\n\n\n<div><a href=\"https:\/\/www.areabesos.com\/diario\/wp-content\/uploads\/2024\/09\/40_Forum_tardor_2024-724x1024.jpg\" class=\"td-modal-image\"><figure class=\"wp-block-image size-large\"><img loading=\"lazy\" decoding=\"async\" width=\"724\" height=\"1024\" src=\"https:\/\/www.areabesos.com\/diario\/wp-content\/uploads\/2024\/09\/40_Forum_tardor_2024-724x1024.jpg\" alt=\"\" class=\"wp-image-7843\" srcset=\"https:\/\/www.areabesos.com\/diario\/wp-content\/uploads\/2024\/09\/40_Forum_tardor_2024-724x1024.jpg 724w, https:\/\/www.areabesos.com\/diario\/wp-content\/uploads\/2024\/09\/40_Forum_tardor_2024-212x300.jpg 212w, https:\/\/www.areabesos.com\/diario\/wp-content\/uploads\/2024\/09\/40_Forum_tardor_2024-768x1086.jpg 768w, https:\/\/www.areabesos.com\/diario\/wp-content\/uploads\/2024\/09\/40_Forum_tardor_2024-1086x1536.jpg 1086w, https:\/\/www.areabesos.com\/diario\/wp-content\/uploads\/2024\/09\/40_Forum_tardor_2024-1448x2048.jpg 1448w, https:\/\/www.areabesos.com\/diario\/wp-content\/uploads\/2024\/09\/40_Forum_tardor_2024-150x212.jpg 150w, https:\/\/www.areabesos.com\/diario\/wp-content\/uploads\/2024\/09\/40_Forum_tardor_2024-300x424.jpg 300w, https:\/\/www.areabesos.com\/diario\/wp-content\/uploads\/2024\/09\/40_Forum_tardor_2024-696x984.jpg 696w, https:\/\/www.areabesos.com\/diario\/wp-content\/uploads\/2024\/09\/40_Forum_tardor_2024-1068x1510.jpg 1068w, https:\/\/www.areabesos.com\/diario\/wp-content\/uploads\/2024\/09\/40_Forum_tardor_2024.jpg 1755w\" sizes=\"auto, (max-width: 724px) 100vw, 724px\" \/><\/figure><\/a><\/div>\n","protected":false},"excerpt":{"rendered":"<p>Despr\u00e9s de l&#8217;aturada durant els mesos d&#8217;estiu, aquest diumenge retornen les&nbsp;activitats familiars&nbsp;a la jugatecambiental de la Platja del F\u00f2rum. L&#8217;acc\u00e9s a la jugatecambiental i els seus serveis \u00e9s gratu\u00eft, aix\u00ed com totes les activitats ambientals proposades a les fam\u00edlies.&nbsp;La Jugatecambiental es tracta d&#8217;un espai l\u00fadic i educatiu obert tots els diumenges al mat\u00ed on es [&hellip;]<\/p>\n","protected":false},"author":2,"featured_media":7844,"comment_status":"closed","ping_status":"open","sticky":false,"template":"","format":"standard","meta":{"footnotes":""},"categories":[136],"tags":[],"class_list":{"0":"post-7842","1":"post","2":"type-post","3":"status-publish","4":"format-standard","5":"has-post-thumbnail","7":"category-cultura"},"_links":{"self":[{"href":"https:\/\/www.areabesos.com\/diario\/wp-json\/wp\/v2\/posts\/7842","targetHints":{"allow":["GET"]}}],"collection":[{"href":"https:\/\/www.areabesos.com\/diario\/wp-json\/wp\/v2\/posts"}],"about":[{"href":"https:\/\/www.areabesos.com\/diario\/wp-json\/wp\/v2\/types\/post"}],"author":[{"embeddable":true,"href":"https:\/\/www.areabesos.com\/diario\/wp-json\/wp\/v2\/users\/2"}],"replies":[{"embeddable":true,"href":"https:\/\/www.areabesos.com\/diario\/wp-json\/wp\/v2\/comments?post=7842"}],"version-history":[{"count":1,"href":"https:\/\/www.areabesos.com\/diario\/wp-json\/wp\/v2\/posts\/7842\/revisions"}],"predecessor-version":[{"id":7845,"href":"https:\/\/www.areabesos.com\/diario\/wp-json\/wp\/v2\/posts\/7842\/revisions\/7845"}],"wp:featuredmedia":[{"embeddable":true,"href":"https:\/\/www.areabesos.com\/diario\/wp-json\/wp\/v2\/media\/7844"}],"wp:attachment":[{"href":"https:\/\/www.areabesos.com\/diario\/wp-json\/wp\/v2\/media?parent=7842"}],"wp:term":[{"taxonomy":"category","embeddable":true,"href":"https:\/\/www.areabesos.com\/diario\/wp-json\/wp\/v2\/categories?post=7842"},{"taxonomy":"post_tag","embeddable":true,"href":"https:\/\/www.areabesos.com\/diario\/wp-json\/wp\/v2\/tags?post=7842"}],"curies":[{"name":"wp","href":"https:\/\/api.w.org\/{rel}","templated":true}]}}