{"id":7839,"date":"2024-09-13T12:26:27","date_gmt":"2024-09-13T10:26:27","guid":{"rendered":"https:\/\/www.areabesos.com\/diario\/?p=7839"},"modified":"2024-09-13T12:27:24","modified_gmt":"2024-09-13T10:27:24","slug":"la-natura-ens-parla-amb-la-veu-de-harrison-ford-o-julia-roberts-al-museu-de-ciencies-naturals-de-barcelona","status":"publish","type":"post","link":"https:\/\/www.areabesos.com\/diario\/la-natura-ens-parla-amb-la-veu-de-harrison-ford-o-julia-roberts-al-museu-de-ciencies-naturals-de-barcelona\/","title":{"rendered":"La natura ens parla amb la veu de Harrison Ford o Julia Roberts al Museu de Ci\u00e8ncies Naturals de Barcelona"},"content":{"rendered":"\n<p>El Museu presenta l\u2019exposici\u00f3 <strong>Oceans. La natura ens parla<\/strong>, un conjunt d\u2019audiovisuals\u00a0\u00a0 espectaculars on elements de la natura com l\u2019oce\u00e0, l\u2019aigua o l\u2019onada ens parlen en primera persona amb veus d\u2019actors de la talla de Harrison Ford, J\u00falia Roberts, \u00a0Pen\u00e9lope Cruz, Liam Nelson, Ruben Blades, Salma Hayek o Sophie Marceau.\u00a0El missatge que transmet la natura a trav\u00e9s d\u2019aquestes veus tan conegudes \u00e9s molt senzill: la natura no necesessita les persones, en canvi,\u00a0 les persones necessiten la natura.<\/p>\n\n\n\n<p><strong>Oceans. La natura parla<\/strong> ha estat produ\u00efda per la organitzaci\u00f3 mediambiental Conservation International que des de 1987 treballa per reivindicar i protegir les fonts de vida que la natura proporciona a la humanitat. Aquesta organitzaci\u00f3 ha perm\u00e8s fins ara &nbsp;protegir m\u00e9s de sis milions &nbsp;de quil\u00f2metres quadrats de territori i oceans en m\u00e9s de setanta pa\u00efsos. <a href=\"https:\/\/www.conservation.org\/\">https:\/\/www.conservation.org\/<\/a><\/p>\n\n\n\n<p>Aquesta exposici\u00f3 forma part de la Regata Cultural, el programa d\u2019activitats impulsat per l\u2019Ajuntament de Barcelona que acompanya la celebraci\u00f3 de la Copa Am\u00e8rica de vela a Barcelona.<\/p>\n","protected":false},"excerpt":{"rendered":"<p>El Museu presenta l\u2019exposici\u00f3 Oceans. La natura ens parla, un conjunt d\u2019audiovisuals\u00a0\u00a0 espectaculars on elements de la natura com l\u2019oce\u00e0, l\u2019aigua o l\u2019onada ens parlen en primera persona amb veus d\u2019actors de la talla de Harrison Ford, J\u00falia Roberts, \u00a0Pen\u00e9lope Cruz, Liam Nelson, Ruben Blades, Salma Hayek o Sophie Marceau.\u00a0El missatge que transmet la natura [&hellip;]<\/p>\n","protected":false},"author":2,"featured_media":7840,"comment_status":"closed","ping_status":"open","sticky":false,"template":"","format":"standard","meta":{"footnotes":""},"categories":[136],"tags":[],"class_list":{"0":"post-7839","1":"post","2":"type-post","3":"status-publish","4":"format-standard","5":"has-post-thumbnail","7":"category-cultura"},"_links":{"self":[{"href":"https:\/\/www.areabesos.com\/diario\/wp-json\/wp\/v2\/posts\/7839","targetHints":{"allow":["GET"]}}],"collection":[{"href":"https:\/\/www.areabesos.com\/diario\/wp-json\/wp\/v2\/posts"}],"about":[{"href":"https:\/\/www.areabesos.com\/diario\/wp-json\/wp\/v2\/types\/post"}],"author":[{"embeddable":true,"href":"https:\/\/www.areabesos.com\/diario\/wp-json\/wp\/v2\/users\/2"}],"replies":[{"embeddable":true,"href":"https:\/\/www.areabesos.com\/diario\/wp-json\/wp\/v2\/comments?post=7839"}],"version-history":[{"count":1,"href":"https:\/\/www.areabesos.com\/diario\/wp-json\/wp\/v2\/posts\/7839\/revisions"}],"predecessor-version":[{"id":7841,"href":"https:\/\/www.areabesos.com\/diario\/wp-json\/wp\/v2\/posts\/7839\/revisions\/7841"}],"wp:featuredmedia":[{"embeddable":true,"href":"https:\/\/www.areabesos.com\/diario\/wp-json\/wp\/v2\/media\/7840"}],"wp:attachment":[{"href":"https:\/\/www.areabesos.com\/diario\/wp-json\/wp\/v2\/media?parent=7839"}],"wp:term":[{"taxonomy":"category","embeddable":true,"href":"https:\/\/www.areabesos.com\/diario\/wp-json\/wp\/v2\/categories?post=7839"},{"taxonomy":"post_tag","embeddable":true,"href":"https:\/\/www.areabesos.com\/diario\/wp-json\/wp\/v2\/tags?post=7839"}],"curies":[{"name":"wp","href":"https:\/\/api.w.org\/{rel}","templated":true}]}}