{"id":7833,"date":"2024-09-03T13:56:17","date_gmt":"2024-09-03T11:56:17","guid":{"rendered":"https:\/\/www.areabesos.com\/diario\/?p=7833"},"modified":"2024-09-06T14:02:00","modified_gmt":"2024-09-06T12:02:00","slug":"le-senne-feijoo-sanchez-puigdemont-lo-del-cgpj-y-el-cis-animando","status":"publish","type":"post","link":"https:\/\/www.areabesos.com\/diario\/le-senne-feijoo-sanchez-puigdemont-lo-del-cgpj-y-el-cis-animando\/","title":{"rendered":"Le Senne, Feij\u00f3o, S\u00e1nchez, Puigdemont, lo del CGPJ y el CIS animando"},"content":{"rendered":"\n<p>El PP ha mantenido en la presidencia del Parlament Balear a alguien que \u201cperdi\u00f3 los papeles\u201d, seg\u00fan reconoci\u00f3, para poder encontrarse a s\u00ed mismo de nuevo destruyendo la foto de Aurora Picornell, s\u00edmbolo del antifranquismo, que fue lo que hizo el 18 de junio pasado. A partir de este hecho, resulta evidente que para Feij\u00f3o y los suyos son aceptables los gestos de cualquier cargo p\u00fablico siempre que sean para odiar a las v\u00edctimas de los asesinos franquistas que se sumaron al golpe de Estado del 18 de julio de 1936.<\/p>\n\n\n\n<p>Y cuando alg\u00fan juez definitivo condene a Le Senne, si tal cosa ocurriera, ya no servir\u00e1 para nada, pues habr\u00e1n pasado a\u00f1os. Qu\u00e9 historia tan distinta a la de aquel diputado del Congreso, el canario Alberto Rodr\u00edguez, a quien una cobarde Meritxell Batet a las \u00f3rdenes de Marchena decidi\u00f3 quitarle el esca\u00f1o sin esperar a la sentencia del Tribunal Constitucional, que esta s\u00ed que lleg\u00f3 tarde.<\/p>\n\n\n\n<p>Por tanto, los del PP son de esa clase de franquistas que pueden disfrazarse de cualquier otra cosa durante 24 horas al d\u00eda menos un minuto, ese momento en el que, ante la inesquivable obligaci\u00f3n de definirse, eligen siempre lo que les pide el peor de los cuerpos que llevan dentro, incluso ofendiendo a miles de inteligencias de cualquier tendencia al declarar que Le Senne debe dimitir, pero no sustituy\u00e9ndolo si se niega. En circunstancias normales, pensar\u00eda que lo que buscan es aprovechar la ventaja de una presidencia d\u00e9bil del Parlament para el resto de la legislatura, pero estamos hablando de uno de esos casos en los que ni siquiera Marx (Groucho) se atrever\u00eda a ofrecer sus \u201cotros principios\u201d.<\/p>\n\n\n\n<p>Franquistas ellos, y como lo de que el imprevisible S\u00e1nchez lleve m\u00e1s de seis a\u00f1os en La Moncloa despu\u00e9s de tres elecciones generales les resulta insoportable, he decidido aprovechar la ocasi\u00f3n para referirme a una estrategia en la que podr\u00edan estar pensando para volver a conquistar el poder. Lo hago con luz y taqu\u00edgrafos para advertir a la sociedad del peligro y que se prepare para impedirlo, evitando as\u00ed, espero, que los del PP lo intenten, pues ser\u00edan descubiertos.<\/p>\n\n\n\n<p>Estando como estamos en la \u00e9poca de las mentiras a mansalva que circulan por redes gobernadas por elementos tan poderosos como un Elon Musk capaz de apostar por alguien como Donald Trump, los del PP podr\u00edan poner en circulaci\u00f3n la especie de que Puigdemont, m\u00e1s internacional que nunca gracias a que eligi\u00f3 vivir en Europa para evitar las c\u00e1rceles espa\u00f1olas, mantiene contactos discretos con gobiernos extranjeros para conseguir que reconozcan la Rep\u00fablica de Catalunya en el momento en que decida reactivar la declaraci\u00f3n aprobada unos d\u00edas despu\u00e9s de la celebraci\u00f3n del refer\u00e9ndum del 1-O de 2017. S\u00ed, la que dej\u00f3 en suspenso a los pocos segundos para evitar lo que hubiera sido un ba\u00f1o de sangre provocado por el Ej\u00e9rcito espa\u00f1ol.<\/p>\n\n\n\n<p>Hablando de mentiras, los franquistas del PP siguen manteniendo el liderazgo mundial desde el terrible atentado del 11M de 2004 en Madrid que, muy a su pesar, no cometi\u00f3 ETA. Por tanto, pueden inventar un cuento parecido al de la trama rusa contra Puigdemont para justificar que Felipe VI decida vestirse de \u201cMando Supremo de las Fuerzas Armadas\u201d o MASUFA, las siglas que he elegido para abreviar el 62.h de la Constituci\u00f3n, y ordene a los capitanes generales prepararse para la toma de Catalunya ante el riesgo de ruptura de Espa\u00f1a, que lo de menos es si tal peligro existe o no y ya veremos si Margarita Robles se atreve a enviar una contraorden a los cuarteles.<\/p>\n\n\n\n<p>Conclusi\u00f3n: S\u00e1nchez ser\u00eda derrotado por el actual MASUFA, tal como el 3 de octubre de 2017 derrot\u00f3 a Rajoy, aunque este ex no lo confes\u00f3 hasta unos d\u00edas despu\u00e9s de la moci\u00f3n de censura que hab\u00eda elegido perder. O como el MASUFA anterior, su padre, cuando derrot\u00f3 a un Su\u00e1rez que 23 d\u00edas \u201cantes de\u2026\u201d decidi\u00f3 presentar su dimisi\u00f3n<\/p>\n\n\n\n<p>Puede que esta vez sea en el Congreso del PSOE donde se libre m\u00e1s batalla de la que S\u00e1nchez estar\u00eda dando por ganada. &nbsp;&nbsp;<\/p>\n\n\n\n<p>Y hablando del \u201cPisuerga\u2026\u201d, ah\u00ed tenemos al CGPJ llegando a un acuerdo para la presidencia despu\u00e9s de m\u00e1s de cinco a\u00f1os caducada y, sorpresa, solo tres d\u00edas antes de la inauguraci\u00f3n del a\u00f1o judicial que presidir\u00e1 el MASUFA, aunque disfrazado \u201cad hoc\u201d para la ceremonia judicial por excelencia. Me dir\u00e1 usted que busco intenciones donde no las hay, pues en las ceremonias anteriores tambi\u00e9n estaba el MASUFA y a los del CGPJ tambi\u00e9n les hab\u00edan vencido sus mandatos, pero la diferencia estaba en que su presidente y esos okupas judiciales sin pizca de verg\u00fcenza eran de los suyos y, adem\u00e1s, a S\u00e1nchez no se le hab\u00eda ocurrido lo de presentar al PP el ultim\u00e1tum. Me sorprende, o en realidad, no, el no haber visto en las portadas de la prensa destacado este enfoque para entender lo de Isabel Perell\u00f3.<\/p>\n\n\n\n<p>Y por \u00faltimo, para animar a unos franquistas que siempre ser\u00e1n autoritarios, el mismo CIS que jam\u00e1s ha preguntado, por ejemplo, si \u201cle parece a usted bien que, en cualquier circunstancia, la Constituci\u00f3n autorice a determinado cargo p\u00fablico para que pueda matar, robar o cometer cualquier delito\u201d, y ya sabe usted que seguimos hablando del mismo MASUFA que adem\u00e1s goza de impunidad, nos cuenta ahora, sigo con el CIS, que ha mandado a sus encuestadores a preguntar si \u201cen determinadas circunstancias\u201d aceptar\u00edan un sistema autoritario. \u00bfEn qu\u00e9 circunstancias? \u00bfEn las de una pandemia mientras dura la sensaci\u00f3n de que nadie sobrevivir\u00e1, por ejemplo?<\/p>\n\n\n\n<p>Lo que s\u00ed es muy probable es que en casi cualquier circunstancia deba usted abandonar el CIS, se\u00f1or Tezanos.<\/p>\n\n\n\n<p><strong>Domingo Sanz<\/strong><\/p>\n","protected":false},"excerpt":{"rendered":"<p>El PP ha mantenido en la presidencia del Parlament Balear a alguien que \u201cperdi\u00f3 los papeles\u201d, seg\u00fan reconoci\u00f3, para poder encontrarse a s\u00ed mismo de nuevo destruyendo la foto de Aurora Picornell, s\u00edmbolo del antifranquismo, que fue lo que hizo el 18 de junio pasado. A partir de este hecho, resulta evidente que para Feij\u00f3o [&hellip;]<\/p>\n","protected":false},"author":2,"featured_media":7834,"comment_status":"closed","ping_status":"open","sticky":false,"template":"","format":"standard","meta":{"footnotes":""},"categories":[139],"tags":[],"class_list":{"0":"post-7833","1":"post","2":"type-post","3":"status-publish","4":"format-standard","5":"has-post-thumbnail","7":"category-opinio"},"_links":{"self":[{"href":"https:\/\/www.areabesos.com\/diario\/wp-json\/wp\/v2\/posts\/7833","targetHints":{"allow":["GET"]}}],"collection":[{"href":"https:\/\/www.areabesos.com\/diario\/wp-json\/wp\/v2\/posts"}],"about":[{"href":"https:\/\/www.areabesos.com\/diario\/wp-json\/wp\/v2\/types\/post"}],"author":[{"embeddable":true,"href":"https:\/\/www.areabesos.com\/diario\/wp-json\/wp\/v2\/users\/2"}],"replies":[{"embeddable":true,"href":"https:\/\/www.areabesos.com\/diario\/wp-json\/wp\/v2\/comments?post=7833"}],"version-history":[{"count":1,"href":"https:\/\/www.areabesos.com\/diario\/wp-json\/wp\/v2\/posts\/7833\/revisions"}],"predecessor-version":[{"id":7835,"href":"https:\/\/www.areabesos.com\/diario\/wp-json\/wp\/v2\/posts\/7833\/revisions\/7835"}],"wp:featuredmedia":[{"embeddable":true,"href":"https:\/\/www.areabesos.com\/diario\/wp-json\/wp\/v2\/media\/7834"}],"wp:attachment":[{"href":"https:\/\/www.areabesos.com\/diario\/wp-json\/wp\/v2\/media?parent=7833"}],"wp:term":[{"taxonomy":"category","embeddable":true,"href":"https:\/\/www.areabesos.com\/diario\/wp-json\/wp\/v2\/categories?post=7833"},{"taxonomy":"post_tag","embeddable":true,"href":"https:\/\/www.areabesos.com\/diario\/wp-json\/wp\/v2\/tags?post=7833"}],"curies":[{"name":"wp","href":"https:\/\/api.w.org\/{rel}","templated":true}]}}