{"id":7829,"date":"2024-09-03T13:14:19","date_gmt":"2024-09-03T11:14:19","guid":{"rendered":"https:\/\/www.areabesos.com\/diario\/?p=7829"},"modified":"2024-09-06T13:15:56","modified_gmt":"2024-09-06T11:15:56","slug":"el-cnl-de-badalona-i-sant-adria-obre-la-inscripcio-als-cursos-de-catala-a-partir-del-12-de-setembre","status":"publish","type":"post","link":"https:\/\/www.areabesos.com\/diario\/el-cnl-de-badalona-i-sant-adria-obre-la-inscripcio-als-cursos-de-catala-a-partir-del-12-de-setembre\/","title":{"rendered":"El CNL de Badalona i Sant Adri\u00e0 obre la inscripci\u00f3 als cursos de catal\u00e0 a partir del 12 de setembre"},"content":{"rendered":"\n<p>Les inscripcions per als cursos generals del CNL de Badalona i Sant Adri\u00e0 seran els dies 12, 13, 16 i 17 de setembre, segons el torn. Els interessats es podran inscriure en l\u00ednia a trav\u00e9s de la plataforma d\u2019inscripci\u00f3 i tamb\u00e9 presencialment, a les oficines de Badalona i Sant Adri\u00e0.<\/p>\n\n\n\n<p>En aquesta inscripci\u00f3, que es correspon al primer trimestre del curs 2024-2025, el CNL de Badalona i Sant Adri\u00e0 ofereix m\u00e9s de 46 cursos entre les dues localitats.Es tracta de cursos per aprendre o perfeccionar el catal\u00e0, de tots els nivells (des de l&#8217;inicial fins al superior) i en modalitat presencial o en l\u00ednia. En el cas del C2 hi haur\u00e0 oferta tant de cursos de durada anual com semestral. L&#8217;oferta detallada sobre el curs, la modalitat, el municipi i l&#8217;horari (mat\u00ed, tarda o vespre) en qu\u00e8 s&#8217;imparteixen els cursos es pot consultar al cercador web.<\/p>\n\n\n\n<p>Hi ha dos per\u00edodes per poder-se inscriure: el torn preferent i el torn general. El preferent, del 12 al 13 de setembre, \u00e9s per a alumnes de tots els nivells que han fet un curs al CPNL en els \u00faltims dotze mesos, sempre que no l&#8217;hagin abandonat. Durant els dies 16 i 17 de setembre s&#8217;hi podr\u00e0 inscriure qui vulgui fer cursos del nivell A1 al C1 i que puguin acreditar el nivell previ. Pel que fa al C2, en el torn general els interessats s&#8217;hauran d&#8217;inscriure el dimarts 17 de setembre a partir de les 9 hores.<br>L\u2019horari a les oficines els dies d\u2019inscripci\u00f3 \u00e9s el seg\u00fcent:<\/p>\n\n\n\n<div><a href=\"https:\/\/www.areabesos.com\/diario\/wp-content\/uploads\/2024\/09\/inscripcions-setembre-24-1024x361.jpg\" class=\"td-modal-image\"><figure class=\"wp-block-image size-large\"><img loading=\"lazy\" decoding=\"async\" width=\"1024\" height=\"361\" src=\"https:\/\/www.areabesos.com\/diario\/wp-content\/uploads\/2024\/09\/inscripcions-setembre-24-1024x361.jpg\" alt=\"\" class=\"wp-image-7830\" srcset=\"https:\/\/www.areabesos.com\/diario\/wp-content\/uploads\/2024\/09\/inscripcions-setembre-24-1024x361.jpg 1024w, https:\/\/www.areabesos.com\/diario\/wp-content\/uploads\/2024\/09\/inscripcions-setembre-24-300x106.jpg 300w, https:\/\/www.areabesos.com\/diario\/wp-content\/uploads\/2024\/09\/inscripcions-setembre-24-768x271.jpg 768w, https:\/\/www.areabesos.com\/diario\/wp-content\/uploads\/2024\/09\/inscripcions-setembre-24-150x53.jpg 150w, https:\/\/www.areabesos.com\/diario\/wp-content\/uploads\/2024\/09\/inscripcions-setembre-24-696x245.jpg 696w, https:\/\/www.areabesos.com\/diario\/wp-content\/uploads\/2024\/09\/inscripcions-setembre-24-1068x376.jpg 1068w, https:\/\/www.areabesos.com\/diario\/wp-content\/uploads\/2024\/09\/inscripcions-setembre-24.jpg 1200w\" sizes=\"auto, (max-width: 1024px) 100vw, 1024px\" \/><\/figure><\/a><\/div>\n\n\n\n<h3 class=\"wp-block-heading\"><strong>Determinar el nivell per a la inscripci\u00f3<\/strong><strong><\/strong><\/h3>\n\n\n\n<p><strong><br><\/strong>Per poder-se inscriure abans cal determinar el nivell de catal\u00e0 com s&#8217;explica al web&nbsp;<a href=\"https:\/\/www.cpnl.cat\/inscripcions\/\">cpnl.cat\/inscripcions<\/a>. Les persones que no hagin fet un curs al CPNL hauran d&#8217;aportar un certificat homologat de&nbsp;<a href=\"https:\/\/llengua.gencat.cat\/web\/.content\/documents\/certificats_de_catala\/arxius\/equiv_llista.pdf\" rel=\"noreferrer noopener\" target=\"_blank\">coneixements de catal\u00e0<\/a>&nbsp;o, si no el tenen, demanar una&nbsp;<a href=\"https:\/\/inscripcions.cpnl.cat\/\" rel=\"noreferrer noopener\" target=\"_blank\">prova de nivell<\/a>. Es pot sol\u00b7licitar fins al 6 de setembre.&nbsp;<br><br>Els cursos de catal\u00e0 del CPNL segueixen els programes de llengua catalana de la Secretaria de Pol\u00edtica Ling\u00fc\u00edstica. Els certificats de nivell del CPNL tenen validesa oficial i es corresponen amb els nivells del&nbsp;<a href=\"https:\/\/llengua.gencat.cat\/ca\/serveis\/informacio_i_difusio\/publicacions_en_linia\/classific_temes\/temes_materials_didactics\/marc_europeu_de_referencia_per_a_les_llengues\/index.html\" rel=\"noreferrer noopener\" target=\"_blank\">Marc europeu com\u00fa de refer\u00e8ncia per a les lleng\u00fces (MECR)<\/a>.&nbsp;<br><br>L&#8217;alumnat t\u00e9 dret a una&nbsp;<a href=\"https:\/\/www.cpnl.cat\/cursos-de-catala\/reduccions-matricula\/\">reducci\u00f3 del 50 o el 70 % de la matr\u00edcula<\/a>. Se&#8217;n poden beneficiar les persones aturades, pensionistes, de fam\u00edlia monoparental o nombrosa o que tinguin una discapacitat reconeguda. Els cursos inicials i b\u00e0sics s\u00f3n gratu\u00efts, per incorporar les persones amb menys coneixements a l&#8217;\u00fas actiu de la llengua.<\/p>\n","protected":false},"excerpt":{"rendered":"<p>Les inscripcions per als cursos generals del CNL de Badalona i Sant Adri\u00e0 seran els dies 12, 13, 16 i 17 de setembre, segons el torn. Els interessats es podran inscriure en l\u00ednia a trav\u00e9s de la plataforma d\u2019inscripci\u00f3 i tamb\u00e9 presencialment, a les oficines de Badalona i Sant Adri\u00e0. En aquesta inscripci\u00f3, que es [&hellip;]<\/p>\n","protected":false},"author":2,"featured_media":7831,"comment_status":"closed","ping_status":"open","sticky":false,"template":"","format":"standard","meta":{"footnotes":""},"categories":[134],"tags":[],"class_list":{"0":"post-7829","1":"post","2":"type-post","3":"status-publish","4":"format-standard","5":"has-post-thumbnail","7":"category-actualitat"},"_links":{"self":[{"href":"https:\/\/www.areabesos.com\/diario\/wp-json\/wp\/v2\/posts\/7829","targetHints":{"allow":["GET"]}}],"collection":[{"href":"https:\/\/www.areabesos.com\/diario\/wp-json\/wp\/v2\/posts"}],"about":[{"href":"https:\/\/www.areabesos.com\/diario\/wp-json\/wp\/v2\/types\/post"}],"author":[{"embeddable":true,"href":"https:\/\/www.areabesos.com\/diario\/wp-json\/wp\/v2\/users\/2"}],"replies":[{"embeddable":true,"href":"https:\/\/www.areabesos.com\/diario\/wp-json\/wp\/v2\/comments?post=7829"}],"version-history":[{"count":1,"href":"https:\/\/www.areabesos.com\/diario\/wp-json\/wp\/v2\/posts\/7829\/revisions"}],"predecessor-version":[{"id":7832,"href":"https:\/\/www.areabesos.com\/diario\/wp-json\/wp\/v2\/posts\/7829\/revisions\/7832"}],"wp:featuredmedia":[{"embeddable":true,"href":"https:\/\/www.areabesos.com\/diario\/wp-json\/wp\/v2\/media\/7831"}],"wp:attachment":[{"href":"https:\/\/www.areabesos.com\/diario\/wp-json\/wp\/v2\/media?parent=7829"}],"wp:term":[{"taxonomy":"category","embeddable":true,"href":"https:\/\/www.areabesos.com\/diario\/wp-json\/wp\/v2\/categories?post=7829"},{"taxonomy":"post_tag","embeddable":true,"href":"https:\/\/www.areabesos.com\/diario\/wp-json\/wp\/v2\/tags?post=7829"}],"curies":[{"name":"wp","href":"https:\/\/api.w.org\/{rel}","templated":true}]}}