{"id":7817,"date":"2024-09-06T12:23:53","date_gmt":"2024-09-06T10:23:53","guid":{"rendered":"https:\/\/www.areabesos.com\/diario\/?p=7817"},"modified":"2024-09-06T12:24:55","modified_gmt":"2024-09-06T10:24:55","slug":"les-tres-xemeneies-de-sant-adria-acullen-lacte-inaugural-de-manifesta-15-barcelona-metropolitana","status":"publish","type":"post","link":"https:\/\/www.areabesos.com\/diario\/les-tres-xemeneies-de-sant-adria-acullen-lacte-inaugural-de-manifesta-15-barcelona-metropolitana\/","title":{"rendered":"Les Tres Xemeneies de Sant Adri\u00e0 acullen l&#8217;acte inaugural de Manifesta 15 Barcelona Metropolitana"},"content":{"rendered":"\n<p>Dem\u00e0 dissabte 7 de setembre, al vespre, les Tres Xemeneies de Sant Adri\u00e0 de Bes\u00f2s seran l\u2019escenari de l&#8217;acte inaugural de Manifesta 15 Barcelona Metropolitana, que comen\u00e7ar\u00e0 el 8 de setembre fins el 24 de novembre.<\/p>\n\n\n\n<p>Aquesta edici\u00f3 ser\u00e0 la de major abast geogr\u00e0fic de la hist\u00f2ria de la biennal n\u00f2mada europea ja que es desenvolupar\u00e0 a Barcelona i 11 ciutats de la regi\u00f3 metropolitana, entre les quals Sant Adri\u00e0, on desplegar\u00e0 projectes, intervencions, esdeveniments i xerrades de m\u00e9s de 90 participants en 16 espais singulars del territori.<\/p>\n\n\n\n<p>Manifesta 15 \u00e9s un ambici\u00f3s experiment sobre com les intervencions art\u00edstiques poden impulsar la transformaci\u00f3 ecosocial. L\u2019edici\u00f3 explora els reptes urbans, ambientals i pol\u00edtics als quals s\u2019ha d\u2019enfrontar la regi\u00f3 metropolitana, per\u00f2 tamb\u00e9 com aquests reptes reflecteixen els que afecten altres metr\u00f2polis d\u2019Europa.<\/p>\n\n\n\n<div><a href=\"https:\/\/www.areabesos.com\/diario\/wp-content\/uploads\/2024\/09\/urchins-1024x683.jpg\" class=\"td-modal-image\"><figure class=\"wp-block-image size-large\"><img loading=\"lazy\" decoding=\"async\" width=\"1024\" height=\"683\" src=\"https:\/\/www.areabesos.com\/diario\/wp-content\/uploads\/2024\/09\/urchins-1024x683.jpg\" alt=\"\" class=\"wp-image-7818\" srcset=\"https:\/\/www.areabesos.com\/diario\/wp-content\/uploads\/2024\/09\/urchins-1024x683.jpg 1024w, https:\/\/www.areabesos.com\/diario\/wp-content\/uploads\/2024\/09\/urchins-300x200.jpg 300w, https:\/\/www.areabesos.com\/diario\/wp-content\/uploads\/2024\/09\/urchins-768x512.jpg 768w, https:\/\/www.areabesos.com\/diario\/wp-content\/uploads\/2024\/09\/urchins-150x100.jpg 150w, https:\/\/www.areabesos.com\/diario\/wp-content\/uploads\/2024\/09\/urchins-696x464.jpg 696w, https:\/\/www.areabesos.com\/diario\/wp-content\/uploads\/2024\/09\/urchins-1068x712.jpg 1068w, https:\/\/www.areabesos.com\/diario\/wp-content\/uploads\/2024\/09\/urchins.jpg 1200w\" sizes=\"auto, (max-width: 1024px) 100vw, 1024px\" \/><figcaption class=\"wp-element-caption\">Urchins, 2024 \u00a9 CHOI+SHINE Architects. Photo \u00a9 Manifesta 15 Barcelona Metropolitana _ Ivan Erofeev<\/figcaption><\/figure><\/a><\/div>\n\n\n\n<h3 class=\"wp-block-heading\"><strong>Tres cl\u00fasters tem\u00e0tics i geogr\u00e0fics<\/strong><\/h3>\n\n\n\n<p>El cor de Manifesta 15 \u00e9s l\u2019antic edifici de l\u2019editorial&nbsp;<strong>Gustavo Gili,<\/strong>&nbsp;situat al barri de l\u2019Eixample de Barcelona. Durant Manifesta 15 acull tres presentacions arxiv\u00edstiques de nou enc\u00e0rrec,&nbsp;que constitueixen el marc hist\u00f2ric d\u2019aquesta edici\u00f3. Les presentacions es titulen&nbsp;<strong>Fora per fer escola: pr\u00e0ctiques radicals des de les pedagogies catalanes, Escola Passats: Barcelona i la imaginaci\u00f3 pol\u00edtica radical i Arxius Negres: fragments d\u2019una metr\u00f2poli anticolonial<\/strong>, i han estat organitzats pel Departament d\u2019Educaci\u00f3 i Mediaci\u00f3 de Manifesta 15, Germ\u00e1n Labrador M\u00e9ndez i Tania Safura Adam.<\/p>\n\n\n\n<p>Des de la Gustavo Gili, Manifesta 15 s\u2019est\u00e9n a tota la regi\u00f3 metropolitana.&nbsp;<strong>L\u2019edici\u00f3 s\u2019organitza en tres cl\u00fasters, que s\u00f3n alhora tem\u00e0tics i geogr\u00e0fics: Equilibrant conflictes (delta del Llobregat), Cuidar i cuidar-nos (serra de Collserola cap al Vall\u00e8s) i Imaginant Futurs (riu Bes\u00f2s i&nbsp;<\/strong><strong>el seu&nbsp;<\/strong><strong>entorn<\/strong><strong>).<\/strong>&nbsp;En aquests cl\u00fasters, ben fonamentats en les realitats locals, m\u00e9s de 90 participants presenten obres multidisciplin\u00e0ries que amplien la nostra comprensi\u00f3 de com ens relacionem entre nosaltres i amb els recursos naturals que ens envolten.<\/p>\n\n\n\n<div><a href=\"https:\/\/www.areabesos.com\/diario\/wp-content\/uploads\/2024\/09\/wings-1024x683.jpg\" class=\"td-modal-image\"><figure class=\"wp-block-image size-large\"><img loading=\"lazy\" decoding=\"async\" width=\"1024\" height=\"683\" src=\"https:\/\/www.areabesos.com\/diario\/wp-content\/uploads\/2024\/09\/wings-1024x683.jpg\" alt=\"\" class=\"wp-image-7819\" srcset=\"https:\/\/www.areabesos.com\/diario\/wp-content\/uploads\/2024\/09\/wings-1024x683.jpg 1024w, https:\/\/www.areabesos.com\/diario\/wp-content\/uploads\/2024\/09\/wings-300x200.jpg 300w, https:\/\/www.areabesos.com\/diario\/wp-content\/uploads\/2024\/09\/wings-768x512.jpg 768w, https:\/\/www.areabesos.com\/diario\/wp-content\/uploads\/2024\/09\/wings-150x100.jpg 150w, https:\/\/www.areabesos.com\/diario\/wp-content\/uploads\/2024\/09\/wings-696x464.jpg 696w, https:\/\/www.areabesos.com\/diario\/wp-content\/uploads\/2024\/09\/wings-1068x712.jpg 1068w, https:\/\/www.areabesos.com\/diario\/wp-content\/uploads\/2024\/09\/wings.jpg 1200w\" sizes=\"auto, (max-width: 1024px) 100vw, 1024px\" \/><figcaption class=\"wp-element-caption\">Wings (X-205), 2024 \u00a9 Niels Albers. Photo \u00a9 Manifesta 15 Barcelona Metropolitana _ Ivan Erofeev<\/figcaption><\/figure><\/a><\/div>\n\n\n\n<p>Cada cl\u00faster est\u00e0 radicat en una seu principal, que reflecteix simb\u00f2licament la tem\u00e0tica i acull una gran presentaci\u00f3 grupal, i s\u2019est\u00e9n a altres indrets extraordinaris propers. Les seus principals seran les seg\u00fcents:<strong>l<\/strong><strong>es Tres Xemeneneies,&nbsp;<\/strong>punt de partida del cl\u00faster<strong>&nbsp;\u00abImaginant futurs\u00bb,&nbsp;<\/strong>obrir\u00e0 per primera vegada al p\u00fablic, i mostrar\u00e0 intervencions art\u00edstiques a la sala de turbines i a les zones exteriors; e<strong>l Monestir de Sant Cugat,<\/strong>&nbsp;s\u00edmbol hist\u00f2ric d\u2019espiritualitat i reflexi\u00f3 , ser\u00e0 la seu principal de&nbsp;<strong>\u00abCuidar i ser cuidats\u00bb;<\/strong>&nbsp;i la&nbsp;<strong>Casa Gomis,<\/strong>&nbsp;una vil.la de propietat privada constru\u00efda seguint els principis arquitect\u00f2nics racionalistes, situada al paisatge natural del Prat de Llobregat, ser\u00e0 el punt d\u2019inici d\u2019<strong>\u00abEquilibrant<\/strong>&nbsp;<strong>conflictes\u00bb.<\/strong><\/p>\n\n\n\n<p>Les tres xemeneies de Sant Adri\u00e0 s&#8217;obriran per primera vegada al p\u00fablic en un horari de dimarts a diumenge de 10 a 20 hores. L\u2019 entrada ser\u00e0 gratu\u00efta per a la ciutadania de Sant Adri\u00e0 (<strong><a href=\"http:\/\/www.sant-adria.cat\/sant-adria-per-temes\/alcaldia\/noticies\/l2019entrada-a-la-seu-de-les-tres-xemeneies-de-la-biennal-cultural-manifesta-sera-gratuita-per-a-la-ciutadania-de-sant-adria\">requisits i com demanar la invitaci\u00f3 en aquest enlla\u00e7).<\/a><\/strong> Tant a dins com a l&#8217;exterior de la central, els visitants podran descobrir obres, instal\u00b7lacions art\u00edstiques i documentals que ens parlen de la vida entorn les xemeneies, del mar i el riu que l&#8217;envolten, de les persones que varen lluitar per unes condicions laborals i de vida dignes, de la natura que lluita i tamb\u00e9 s&#8217;adapta a la pres\u00e8ncia humana. En definitiva, un espectacular viatge que no deixar\u00e0 indiferent a ning\u00fa. <\/p>\n\n\n\n<figure class=\"wp-block-gallery has-nested-images columns-2 is-cropped td-modal-on-gallery wp-block-gallery-1 is-layout-flex wp-block-gallery-is-layout-flex\">\n<figure class=\"wp-block-image size-large\"><img loading=\"lazy\" decoding=\"async\" width=\"1024\" height=\"683\" data-id=\"7824\" src=\"https:\/\/www.areabesos.com\/diario\/wp-content\/uploads\/2024\/09\/frankensteintree-1024x683.jpg\" alt=\"\" class=\"wp-image-7824\" srcset=\"https:\/\/www.areabesos.com\/diario\/wp-content\/uploads\/2024\/09\/frankensteintree-1024x683.jpg 1024w, https:\/\/www.areabesos.com\/diario\/wp-content\/uploads\/2024\/09\/frankensteintree-300x200.jpg 300w, https:\/\/www.areabesos.com\/diario\/wp-content\/uploads\/2024\/09\/frankensteintree-768x512.jpg 768w, https:\/\/www.areabesos.com\/diario\/wp-content\/uploads\/2024\/09\/frankensteintree-150x100.jpg 150w, https:\/\/www.areabesos.com\/diario\/wp-content\/uploads\/2024\/09\/frankensteintree-696x464.jpg 696w, https:\/\/www.areabesos.com\/diario\/wp-content\/uploads\/2024\/09\/frankensteintree-1068x712.jpg 1068w, https:\/\/www.areabesos.com\/diario\/wp-content\/uploads\/2024\/09\/frankensteintree.jpg 1200w\" sizes=\"auto, (max-width: 1024px) 100vw, 1024px\" \/><figcaption class=\"wp-element-caption\">The Frankenstein Tree, 2024 \u00a9 Kiluanji Kia Henda. Photo \u00a9 Manifesta 15 Barcelona Metropolitana _ Ivan Erofeev<\/figcaption><\/figure>\n\n\n\n<figure class=\"wp-block-image size-large\"><img loading=\"lazy\" decoding=\"async\" width=\"1024\" height=\"683\" data-id=\"7823\" src=\"https:\/\/www.areabesos.com\/diario\/wp-content\/uploads\/2024\/09\/submerso-1024x683.jpg\" alt=\"\" class=\"wp-image-7823\" srcset=\"https:\/\/www.areabesos.com\/diario\/wp-content\/uploads\/2024\/09\/submerso-1024x683.jpg 1024w, https:\/\/www.areabesos.com\/diario\/wp-content\/uploads\/2024\/09\/submerso-300x200.jpg 300w, https:\/\/www.areabesos.com\/diario\/wp-content\/uploads\/2024\/09\/submerso-768x512.jpg 768w, https:\/\/www.areabesos.com\/diario\/wp-content\/uploads\/2024\/09\/submerso-150x100.jpg 150w, https:\/\/www.areabesos.com\/diario\/wp-content\/uploads\/2024\/09\/submerso-696x464.jpg 696w, https:\/\/www.areabesos.com\/diario\/wp-content\/uploads\/2024\/09\/submerso-1068x712.jpg 1068w, https:\/\/www.areabesos.com\/diario\/wp-content\/uploads\/2024\/09\/submerso.jpg 1200w\" sizes=\"auto, (max-width: 1024px) 100vw, 1024px\" \/><figcaption class=\"wp-element-caption\">Submerso _ percola\u00e7\u00e3o das \u00e1guas [Submerged _ water percolation], 2023 \u00a9 Maja Escher. Photo \u00a9 Manifesta 15 Barcelona Metropolitana _ Ivan Erofeev<\/figcaption><\/figure>\n\n\n\n<figure class=\"wp-block-image size-large\"><img loading=\"lazy\" decoding=\"async\" width=\"1024\" height=\"683\" data-id=\"7822\" src=\"https:\/\/www.areabesos.com\/diario\/wp-content\/uploads\/2024\/09\/parlaamblaterra-1024x683.jpg\" alt=\"\" class=\"wp-image-7822\" srcset=\"https:\/\/www.areabesos.com\/diario\/wp-content\/uploads\/2024\/09\/parlaamblaterra-1024x683.jpg 1024w, https:\/\/www.areabesos.com\/diario\/wp-content\/uploads\/2024\/09\/parlaamblaterra-300x200.jpg 300w, https:\/\/www.areabesos.com\/diario\/wp-content\/uploads\/2024\/09\/parlaamblaterra-768x512.jpg 768w, https:\/\/www.areabesos.com\/diario\/wp-content\/uploads\/2024\/09\/parlaamblaterra-150x100.jpg 150w, https:\/\/www.areabesos.com\/diario\/wp-content\/uploads\/2024\/09\/parlaamblaterra-696x464.jpg 696w, https:\/\/www.areabesos.com\/diario\/wp-content\/uploads\/2024\/09\/parlaamblaterra-1068x712.jpg 1068w, https:\/\/www.areabesos.com\/diario\/wp-content\/uploads\/2024\/09\/parlaamblaterra.jpg 1200w\" sizes=\"auto, (max-width: 1024px) 100vw, 1024px\" \/><figcaption class=\"wp-element-caption\">Speak to the earth and it will tell you, 2024 \u00a9 Jeremy Deller. Photo \u00a9 Manifesta 15 Barcelona Metropolitana _ Ivan Erofeev_<\/figcaption><\/figure>\n\n\n\n<figure class=\"wp-block-image size-large\"><img loading=\"lazy\" decoding=\"async\" width=\"1024\" height=\"683\" data-id=\"7825\" src=\"https:\/\/www.areabesos.com\/diario\/wp-content\/uploads\/2024\/09\/nnemakalu-1024x683.jpg\" alt=\"\" class=\"wp-image-7825\" srcset=\"https:\/\/www.areabesos.com\/diario\/wp-content\/uploads\/2024\/09\/nnemakalu-1024x683.jpg 1024w, https:\/\/www.areabesos.com\/diario\/wp-content\/uploads\/2024\/09\/nnemakalu-300x200.jpg 300w, https:\/\/www.areabesos.com\/diario\/wp-content\/uploads\/2024\/09\/nnemakalu-768x512.jpg 768w, https:\/\/www.areabesos.com\/diario\/wp-content\/uploads\/2024\/09\/nnemakalu-150x100.jpg 150w, https:\/\/www.areabesos.com\/diario\/wp-content\/uploads\/2024\/09\/nnemakalu-696x464.jpg 696w, https:\/\/www.areabesos.com\/diario\/wp-content\/uploads\/2024\/09\/nnemakalu-1068x712.jpg 1068w, https:\/\/www.areabesos.com\/diario\/wp-content\/uploads\/2024\/09\/nnemakalu.jpg 1200w\" sizes=\"auto, (max-width: 1024px) 100vw, 1024px\" \/><figcaption class=\"wp-element-caption\">Installation view, 2024 \u00a9 Nnena Kalu. Photo \u00a9 Manifesta 15 Barcelona Metropolitana _ Ivan Erofeev<\/figcaption><\/figure>\n<\/figure>\n\n\n\n<h3 class=\"wp-block-heading\"><strong>Projecte sobre la hist\u00f2ria social i industrial de Sant Adri\u00e0 de Bes\u00f2s a les Tres Xemeneies<\/strong><\/h3>\n\n\n\n<p>Coincidint amb el seu trent\u00e8 aniversari i continuant amb la transformaci\u00f3 de la Biennal N\u00f2mada Europea en un instrument inclusiu de comprom\u00eds c\u00edvic i cultural, aquesta edici\u00f3 de Manifesta es distingeix per diversos\u00a0<strong>trets diferencials<\/strong>.\u00a0<strong>El primer \u00e9s el comprom\u00eds predominant amb la recerca arxiv\u00edstica.<\/strong>\u00a0Barcelona i la regi\u00f3 metropolitana han experimentat nombroses evolucions; amb el temps, s\u2019han passat per alt, subestimat o reprimit una s\u00e8rie de moviments i metodologies hist\u00f2riques. Manifesta 15 ha investigat els llegats d\u2019una selecci\u00f3 d\u2019esdeveniments i iniciatives passades, no nom\u00e9s consultant els arxius existents, sin\u00f3 tamb\u00e9 col\u00b7laborant amb especialistes per generar-ne de nous. A m\u00e9s de les presentacions que hi ha a la Gustavo Gili,<strong>\u00a0les Tres Xemeneies acullen un projecte que tra\u00e7a la hist\u00f2ria social i industrial de Sant Adri\u00e0 de Bes\u00f2s.<\/strong> La mostra \u00abMem\u00f2ria del fum\u00bb recull material d&#8217;arxiu sobre la hist\u00f2ria de la central i les caracter\u00edstiques de les comunitats que l&#8217;envolten. Durant toto el Manifesta15, aquesta sala prendr\u00e0 vida gr\u00e0cies a una s\u00e8rie de programes especials adre\u00e7ats a la poblaci\u00f3 local i al p\u00fablic en general. <\/p>\n\n\n\n<div><a href=\"https:\/\/www.areabesos.com\/diario\/wp-content\/uploads\/2024\/09\/The-Heritage-Secti-1024x683.jpg\" class=\"td-modal-image\"><figure class=\"wp-block-image size-large\"><img loading=\"lazy\" decoding=\"async\" width=\"1024\" height=\"683\" src=\"https:\/\/www.areabesos.com\/diario\/wp-content\/uploads\/2024\/09\/The-Heritage-Secti-1024x683.jpg\" alt=\"\" class=\"wp-image-7820\" srcset=\"https:\/\/www.areabesos.com\/diario\/wp-content\/uploads\/2024\/09\/The-Heritage-Secti-1024x683.jpg 1024w, https:\/\/www.areabesos.com\/diario\/wp-content\/uploads\/2024\/09\/The-Heritage-Secti-300x200.jpg 300w, https:\/\/www.areabesos.com\/diario\/wp-content\/uploads\/2024\/09\/The-Heritage-Secti-768x512.jpg 768w, https:\/\/www.areabesos.com\/diario\/wp-content\/uploads\/2024\/09\/The-Heritage-Secti-150x100.jpg 150w, https:\/\/www.areabesos.com\/diario\/wp-content\/uploads\/2024\/09\/The-Heritage-Secti-696x464.jpg 696w, https:\/\/www.areabesos.com\/diario\/wp-content\/uploads\/2024\/09\/The-Heritage-Secti-1068x712.jpg 1068w, https:\/\/www.areabesos.com\/diario\/wp-content\/uploads\/2024\/09\/The-Heritage-Secti.jpg 1200w\" sizes=\"auto, (max-width: 1024px) 100vw, 1024px\" \/><figcaption class=\"wp-element-caption\">The Heritage Secti. Photo \u00a9 Manifesta 15 Barcelona Metropolitana _ Ivan Erofeev<\/figcaption><\/figure><\/a><\/div>\n\n\n\n<h3 class=\"wp-block-heading\"><strong>Producci\u00f3 de coneixement participativa<\/strong><\/h3>\n\n\n\n<p>Un segon tret caracter\u00edstic \u00e9s la producci\u00f3 de coneixement participativa que \u00e9s fonamental per a totes les edicions de la Biennal N\u00f2mada Europea, inclosa Manifesta 15. Aquesta edici\u00f3 descentralitzada es nodreix, entre altres fonts, de les aportacions compartides durant l\u2019Assemblea Metropolitana organitzada amb comunitats locals. Aquestes contribucions van fonamentar el desenvolupament del marc conceptual de Manifesta 15, que aborda com, en repensar el nostre contracte social i quin paper poden tenir les pr\u00e0ctiques art\u00edstiques en aquest context, podem concebre maneres alternatives de viure m\u00e9s harm\u00f2nicament amb l\u2019entorn natural.<\/p>\n\n\n\n<p>A m\u00e9s, una proporci\u00f3 significativa de participants \u2014entre els quals hi ha artistes, activistes, professionals del m\u00f3n acad\u00e8mic i comunitats grupals\u2014 van crear la seva obra in situ durant un llarg per\u00edode de temps i en solidaritat entre si. Que ho fessin aix\u00ed concorda amb l\u2019afany de la biennal de forjar vincles sostenibles i transversals entre les diverses parts interessades.<\/p>\n\n\n\n<div><a href=\"https:\/\/www.areabesos.com\/diario\/wp-content\/uploads\/2024\/09\/intruso-1024x683.jpg\" class=\"td-modal-image\"><figure class=\"wp-block-image size-large\"><img loading=\"lazy\" decoding=\"async\" width=\"1024\" height=\"683\" src=\"https:\/\/www.areabesos.com\/diario\/wp-content\/uploads\/2024\/09\/intruso-1024x683.jpg\" alt=\"\" class=\"wp-image-7821\" srcset=\"https:\/\/www.areabesos.com\/diario\/wp-content\/uploads\/2024\/09\/intruso-1024x683.jpg 1024w, https:\/\/www.areabesos.com\/diario\/wp-content\/uploads\/2024\/09\/intruso-300x200.jpg 300w, https:\/\/www.areabesos.com\/diario\/wp-content\/uploads\/2024\/09\/intruso-768x512.jpg 768w, https:\/\/www.areabesos.com\/diario\/wp-content\/uploads\/2024\/09\/intruso-150x100.jpg 150w, https:\/\/www.areabesos.com\/diario\/wp-content\/uploads\/2024\/09\/intruso-696x464.jpg 696w, https:\/\/www.areabesos.com\/diario\/wp-content\/uploads\/2024\/09\/intruso-1068x712.jpg 1068w, https:\/\/www.areabesos.com\/diario\/wp-content\/uploads\/2024\/09\/intruso.jpg 1200w\" sizes=\"auto, (max-width: 1024px) 100vw, 1024px\" \/><figcaption class=\"wp-element-caption\">Un Intruso (uninvited, into chaos), 2024 \u00a9 Mike Nelson. Photo \u00a9 Manifesta 15 Barcelona Metropolitana _ Ivan Erofeev<\/figcaption><\/figure><\/a><\/div>\n\n\n\n<h3 class=\"wp-block-heading\"><strong>Les Focus Weeks i Manifesta 15 +<\/strong><\/h3>\n\n\n\n<p>Manifesta 15 afavoreix les sinergies entre comunitats de la regi\u00f3 metropolitana que hist\u00f2ricament han estat a\u00efllades entre si per innumerables raons estructurals. Les persones que visitin Manifesta 15 tindran un paper fonamental en aquest proc\u00e9s.&nbsp;A mesura que recorrin la regi\u00f3, es convertiran en agents de canvi en el proc\u00e9s de descentralitzaci\u00f3, ajudant a cartografiar la regi\u00f3 de nou. Amb aquesta finalitat, d\u2019una setmana a l\u2019altra durant les 12 setmanes de durada, l\u2019enfocament de Manifesta 15 canviar\u00e0 i l\u2019atenci\u00f3 se centrar\u00e0 en cada ciutat participant. Durant aquestes Focus Weeks, les aportacions dels representants art\u00edstics de la biennal, l\u00edders culturals de cada ciutat, brillaran amb llum pr\u00f2pia. Els representants situen la biennal a les seves ciutats organitzant Manifesta 15+ un programa d\u2019activitats i esdeveniments que celebren l\u2019excel\u00b7l\u00e8ncia cultural a Barcelona i la regi\u00f3 metropolitana.<\/p>\n\n\n\n<p>A la\u00a0<strong><a href=\"https:\/\/www.areabesos.com\/diario\/una-sessio-de-lespectacle-fugit-de-kanchatka-sera-exclusiva-pels-adrianencs\/\">Focus Week de Sant Adri\u00e0, destaquem el 14 i el 15 de setembre\u00a0l\u2019actuaci\u00f3 teatral Fugit, de\u00a0la companyia Kamch\u00e0tka<\/a><\/strong>, guardonats amb el premi MAX al millor espectacle de carrer (any2022). Hi hauran 4 passis, recordeu que el de\u00a0diumenge 15 de setembre a les 18 h s\u2019oferir\u00e0 en exclusiva a la ciutadania de Sant Adri\u00e0. Tots els passis seran gratu\u00efts i cal reservar entrada.<\/p>\n\n\n\n<p><\/p>\n","protected":false},"excerpt":{"rendered":"<p>Dem\u00e0 dissabte 7 de setembre, al vespre, les Tres Xemeneies de Sant Adri\u00e0 de Bes\u00f2s seran l\u2019escenari de l&#8217;acte inaugural de Manifesta 15 Barcelona Metropolitana, que comen\u00e7ar\u00e0 el 8 de setembre fins el 24 de novembre. Aquesta edici\u00f3 ser\u00e0 la de major abast geogr\u00e0fic de la hist\u00f2ria de la biennal n\u00f2mada europea ja que es [&hellip;]<\/p>\n","protected":false},"author":1,"featured_media":7826,"comment_status":"closed","ping_status":"open","sticky":false,"template":"","format":"standard","meta":{"footnotes":""},"categories":[134],"tags":[],"class_list":{"0":"post-7817","1":"post","2":"type-post","3":"status-publish","4":"format-standard","5":"has-post-thumbnail","7":"category-actualitat"},"_links":{"self":[{"href":"https:\/\/www.areabesos.com\/diario\/wp-json\/wp\/v2\/posts\/7817","targetHints":{"allow":["GET"]}}],"collection":[{"href":"https:\/\/www.areabesos.com\/diario\/wp-json\/wp\/v2\/posts"}],"about":[{"href":"https:\/\/www.areabesos.com\/diario\/wp-json\/wp\/v2\/types\/post"}],"author":[{"embeddable":true,"href":"https:\/\/www.areabesos.com\/diario\/wp-json\/wp\/v2\/users\/1"}],"replies":[{"embeddable":true,"href":"https:\/\/www.areabesos.com\/diario\/wp-json\/wp\/v2\/comments?post=7817"}],"version-history":[{"count":2,"href":"https:\/\/www.areabesos.com\/diario\/wp-json\/wp\/v2\/posts\/7817\/revisions"}],"predecessor-version":[{"id":7828,"href":"https:\/\/www.areabesos.com\/diario\/wp-json\/wp\/v2\/posts\/7817\/revisions\/7828"}],"wp:featuredmedia":[{"embeddable":true,"href":"https:\/\/www.areabesos.com\/diario\/wp-json\/wp\/v2\/media\/7826"}],"wp:attachment":[{"href":"https:\/\/www.areabesos.com\/diario\/wp-json\/wp\/v2\/media?parent=7817"}],"wp:term":[{"taxonomy":"category","embeddable":true,"href":"https:\/\/www.areabesos.com\/diario\/wp-json\/wp\/v2\/categories?post=7817"},{"taxonomy":"post_tag","embeddable":true,"href":"https:\/\/www.areabesos.com\/diario\/wp-json\/wp\/v2\/tags?post=7817"}],"curies":[{"name":"wp","href":"https:\/\/api.w.org\/{rel}","templated":true}]}}