{"id":7814,"date":"2024-09-04T10:06:44","date_gmt":"2024-09-04T08:06:44","guid":{"rendered":"https:\/\/www.areabesos.com\/diario\/?p=7814"},"modified":"2024-09-05T10:08:03","modified_gmt":"2024-09-05T08:08:03","slug":"oriol-junqueras-i-gabriel-rufian-situen-sant-adria-al-centre-del-futur-desquerra","status":"publish","type":"post","link":"https:\/\/www.areabesos.com\/diario\/oriol-junqueras-i-gabriel-rufian-situen-sant-adria-al-centre-del-futur-desquerra\/","title":{"rendered":"Oriol Junqueras i Gabriel Rufi\u00e1n situen Sant Adri\u00e0 al centre del futur d\u2019Esquerra"},"content":{"rendered":"\n<p>Sant Adri\u00e0 ha de tenir un paper clau en la construcci\u00f3 d\u2019una Catalunya m\u00e9s lliure, pr\u00f2spera i justa. Amb aquest objectiu, els l\u00edders d&#8217;Esquerra Republicana, Oriol Junqueras i Gabriel Rufi\u00e1n, a m\u00e9s de la diputada al Parlament, Ana Balsera, el diputat provincial, Antoni V\u00e9lez i el portaveu del grup municipal a Sant Adri\u00e0 de Bes\u00f2s, Rub\u00e8n Arenas, han realitzat una nova visita a Sant Adri\u00e0 de Bes\u00f2s, refor\u00e7ant el seu comprom\u00eds amb el territori, l\u2019\u00e0rea metropolitana i escoltant les necessitats dels seus habitants.<\/p>\n\n\n\n<p>Durant la jornada, els republicans han subratllat la necessitat de situar Sant Adri\u00e0 al centre del projecte republic\u00e0, transformant la ciutat en un espai on els seus habitants puguin desenvolupar-se plenament, fugint de la tend\u00e8ncia a convertir-la en una ciutat dormitori. Aquesta aposta es va fer palesa en la visitat de les instal\u00b7lacions de R\u00e0dio La Mina, on van destacat la import\u00e0ncia dels mitjans locals com a eina de cohesi\u00f3 social i de vertebraci\u00f3 de la realitat del barri.<\/p>\n\n\n\n<p>Posteriorment, Junqueras i Rufi\u00e1n han compartit temps amb els membres del club Atl\u00e9tico Adrianense, compartint una partida de petanca&nbsp; i posant en valor la oreservaci\u00f3&nbsp; d\u2019espais de trobada i oci per a la gent gran. Aquesta acci\u00f3 reflecteix la voluntat de promoure una ciutat activa que ofereixi qualitat de vida i oportunitats per a tots els seus ciutadans, en comptes de limitar-se a ser un lloc de resid\u00e8ncia.<\/p>\n\n\n\n<p>Aquesta visita ha servit per reivindicar el paper de la gesti\u00f3 esportiva i dels equipaments disponibles com a pilars fonamentals per a donar els serveis que la ciutadania de Sant Adri\u00e0 de Bes\u00f2s mereix.<\/p>\n\n\n\n<p>La visita va concloure amb un dinar de germanor amb la milit\u00e0ncia del Baix Bes\u00f2s, un moment per a la reflexi\u00f3 i intercanvi d\u2019idees sobre el futur del municipi i el projecte d\u2019ERC. Junqueras i Rufi\u00e1n van expressar el seu agra\u00efment per la feina constant de la milit\u00e0ncia republicana per millorar Sant Adri\u00e0, destacant la import\u00e0ncia de seguir treballant conjuntament per una rep\u00fablica catalana m\u00e9s justa i pr\u00f2spera per a tothom.<\/p>\n\n\n\n<p>Amb aquesta visita, Esquerra Republicana reafirma la seva aposta per transformar Sant Adri\u00e0 de Bes\u00f2s en una ciutat activa i plena de vida, mantenint-se propera a les necessitats reals de la seva gent i impulsant accions que millorin la qualitat de vida de tots els adrianencs i adrianenques, situant, en definitiva, la ciutat com una pe\u00e7a rellevant en la construcci\u00f3 nacional del pa\u00eds.<\/p>\n","protected":false},"excerpt":{"rendered":"<p>Sant Adri\u00e0 ha de tenir un paper clau en la construcci\u00f3 d\u2019una Catalunya m\u00e9s lliure, pr\u00f2spera i justa. Amb aquest objectiu, els l\u00edders d&#8217;Esquerra Republicana, Oriol Junqueras i Gabriel Rufi\u00e1n, a m\u00e9s de la diputada al Parlament, Ana Balsera, el diputat provincial, Antoni V\u00e9lez i el portaveu del grup municipal a Sant Adri\u00e0 de Bes\u00f2s, [&hellip;]<\/p>\n","protected":false},"author":2,"featured_media":7815,"comment_status":"closed","ping_status":"open","sticky":false,"template":"","format":"standard","meta":{"footnotes":""},"categories":[134],"tags":[],"class_list":{"0":"post-7814","1":"post","2":"type-post","3":"status-publish","4":"format-standard","5":"has-post-thumbnail","7":"category-actualitat"},"_links":{"self":[{"href":"https:\/\/www.areabesos.com\/diario\/wp-json\/wp\/v2\/posts\/7814","targetHints":{"allow":["GET"]}}],"collection":[{"href":"https:\/\/www.areabesos.com\/diario\/wp-json\/wp\/v2\/posts"}],"about":[{"href":"https:\/\/www.areabesos.com\/diario\/wp-json\/wp\/v2\/types\/post"}],"author":[{"embeddable":true,"href":"https:\/\/www.areabesos.com\/diario\/wp-json\/wp\/v2\/users\/2"}],"replies":[{"embeddable":true,"href":"https:\/\/www.areabesos.com\/diario\/wp-json\/wp\/v2\/comments?post=7814"}],"version-history":[{"count":1,"href":"https:\/\/www.areabesos.com\/diario\/wp-json\/wp\/v2\/posts\/7814\/revisions"}],"predecessor-version":[{"id":7816,"href":"https:\/\/www.areabesos.com\/diario\/wp-json\/wp\/v2\/posts\/7814\/revisions\/7816"}],"wp:featuredmedia":[{"embeddable":true,"href":"https:\/\/www.areabesos.com\/diario\/wp-json\/wp\/v2\/media\/7815"}],"wp:attachment":[{"href":"https:\/\/www.areabesos.com\/diario\/wp-json\/wp\/v2\/media?parent=7814"}],"wp:term":[{"taxonomy":"category","embeddable":true,"href":"https:\/\/www.areabesos.com\/diario\/wp-json\/wp\/v2\/categories?post=7814"},{"taxonomy":"post_tag","embeddable":true,"href":"https:\/\/www.areabesos.com\/diario\/wp-json\/wp\/v2\/tags?post=7814"}],"curies":[{"name":"wp","href":"https:\/\/api.w.org\/{rel}","templated":true}]}}