{"id":7811,"date":"2024-09-04T10:54:20","date_gmt":"2024-09-04T08:54:20","guid":{"rendered":"https:\/\/www.areabesos.com\/diario\/?p=7811"},"modified":"2024-09-04T10:54:21","modified_gmt":"2024-09-04T08:54:21","slug":"joan-palet-primer-premi-empremta930-domnium-sant-adria","status":"publish","type":"post","link":"https:\/\/www.areabesos.com\/diario\/joan-palet-primer-premi-empremta930-domnium-sant-adria\/","title":{"rendered":"Joan Palet, primer premi Empremta930 d&#8217;\u00d2mnium Sant Adri\u00e0"},"content":{"rendered":"\n<p>El proper dimarts, 10 de setembre, el Casal de Cultura acollir\u00e0 a partir de les 19 hores el lliurement de la primera edici\u00f3 del premi Empremta930, el guard\u00f3 creat per \u00d2mnium Sant Adri\u00e0 de Bes\u00f2s per recon\u00e8ixer a una persona o entitat la seva feina en la promoci\u00f3 de la cultura a la ciutat. Tal i com a Badalona tenien el Singladura i a Tiana l&#8217;Armengol, \u00d2mnium ha ideat aquest premi a Sant Adri\u00e0.<\/p>\n\n\n\n<p>En aquesta primera edici\u00f3 el guard\u00f3 va pel m\u00fasic, compositor i director d&#8217;orquestra Joan Palet i Dalmases, impulsor en el seu dia de l&#8217;Escola Municipal de M\u00fasica Benet Bails i creador d&#8217;un cicle de concerts did\u00e0ctics que han apropat la m\u00fasica cl\u00e0ssica, i en alguns casos la moderna, a la ciutadania adrianenca.<\/p>\n\n\n\n<p>La intenci\u00f3 d&#8217;\u00d2mnium Sant Adri\u00e0 \u00e9s que el premi Empremta930 continu\u00ef any rere any i es lliuri al voltant de la Festa Major i de la Diada.   <\/p>\n","protected":false},"excerpt":{"rendered":"<p>El proper dimarts, 10 de setembre, el Casal de Cultura acollir\u00e0 a partir de les 19 hores el lliurement de la primera edici\u00f3 del premi Empremta930, el guard\u00f3 creat per \u00d2mnium Sant Adri\u00e0 de Bes\u00f2s per recon\u00e8ixer a una persona o entitat la seva feina en la promoci\u00f3 de la cultura a la ciutat. Tal [&hellip;]<\/p>\n","protected":false},"author":1,"featured_media":7812,"comment_status":"closed","ping_status":"open","sticky":false,"template":"","format":"standard","meta":{"footnotes":""},"categories":[136],"tags":[],"class_list":{"0":"post-7811","1":"post","2":"type-post","3":"status-publish","4":"format-standard","5":"has-post-thumbnail","7":"category-cultura"},"_links":{"self":[{"href":"https:\/\/www.areabesos.com\/diario\/wp-json\/wp\/v2\/posts\/7811","targetHints":{"allow":["GET"]}}],"collection":[{"href":"https:\/\/www.areabesos.com\/diario\/wp-json\/wp\/v2\/posts"}],"about":[{"href":"https:\/\/www.areabesos.com\/diario\/wp-json\/wp\/v2\/types\/post"}],"author":[{"embeddable":true,"href":"https:\/\/www.areabesos.com\/diario\/wp-json\/wp\/v2\/users\/1"}],"replies":[{"embeddable":true,"href":"https:\/\/www.areabesos.com\/diario\/wp-json\/wp\/v2\/comments?post=7811"}],"version-history":[{"count":1,"href":"https:\/\/www.areabesos.com\/diario\/wp-json\/wp\/v2\/posts\/7811\/revisions"}],"predecessor-version":[{"id":7813,"href":"https:\/\/www.areabesos.com\/diario\/wp-json\/wp\/v2\/posts\/7811\/revisions\/7813"}],"wp:featuredmedia":[{"embeddable":true,"href":"https:\/\/www.areabesos.com\/diario\/wp-json\/wp\/v2\/media\/7812"}],"wp:attachment":[{"href":"https:\/\/www.areabesos.com\/diario\/wp-json\/wp\/v2\/media?parent=7811"}],"wp:term":[{"taxonomy":"category","embeddable":true,"href":"https:\/\/www.areabesos.com\/diario\/wp-json\/wp\/v2\/categories?post=7811"},{"taxonomy":"post_tag","embeddable":true,"href":"https:\/\/www.areabesos.com\/diario\/wp-json\/wp\/v2\/tags?post=7811"}],"curies":[{"name":"wp","href":"https:\/\/api.w.org\/{rel}","templated":true}]}}