{"id":7804,"date":"2024-09-04T12:26:20","date_gmt":"2024-09-04T10:26:20","guid":{"rendered":"https:\/\/www.areabesos.com\/diario\/?p=7804"},"modified":"2024-09-03T12:32:58","modified_gmt":"2024-09-03T10:32:58","slug":"30-anys-de-lexposicio-sant-adria-antic-de-lagrupacio-fotografica-sant-joan-baptista","status":"publish","type":"post","link":"https:\/\/www.areabesos.com\/diario\/30-anys-de-lexposicio-sant-adria-antic-de-lagrupacio-fotografica-sant-joan-baptista\/","title":{"rendered":"30 anys de l\u2019exposici\u00f3 Sant Adri\u00e0 antic de l\u2019Agrupaci\u00f3 Fotogr\u00e0fica Sant Joan Baptista"},"content":{"rendered":"\n<p>L\u2019Agrupaci\u00f3 Fotogr\u00e0fica Sant Joan Baptista de Sant Adri\u00e0 de Bes\u00f2s celebra el seu 75\u00e8 aniversari i que fa 30 anys de la seva primera exposici\u00f3 de fotografies \u201cSant Adri\u00e0 antic\u201d on recull imatges antigues de la ciutat, una mostra que sempre t\u00e9 cabuda en les activitats paral\u00b7leles de la Festa Major. Enguany repeteixen la primera d\u2019aquestes mostres amb imatges anteriors als anys 60, gr\u00e0cies a la feina de moltes persones.<br>Entitats i particulars com l\u2019Arxiu Municipal de Sant Adri\u00e0, en Joan Borr\u00e0s, la senyora v\u00eddua d\u2019en Miguel Gual, Crist\u00f2bal Rodr\u00edguez, Sergi Guillerm\u00ed i les persones que al seu dia van cedir aquestes imatges portant-les a l\u2019Arxiu.<br>La inauguraci\u00f3 de l\u2019exposici\u00f3 es dur\u00e0 a terme el proper dijous, 5 de setembre, a les 19.30 hores a la seu de l\u2019Agrupaci\u00f3 (c. Dr. Barraquer, 6, baixos). La mostra es podr\u00e0 visitar del 5 al 26 de setembre de dilluns a dijous de 18.30 a 20.30 hores (el divendres 6 i el dissabte 7 en el mateix horari).<\/p>\n","protected":false},"excerpt":{"rendered":"<p>L\u2019Agrupaci\u00f3 Fotogr\u00e0fica Sant Joan Baptista de Sant Adri\u00e0 de Bes\u00f2s celebra el seu 75\u00e8 aniversari i que fa 30 anys de la seva primera exposici\u00f3 de fotografies \u201cSant Adri\u00e0 antic\u201d on recull imatges antigues de la ciutat, una mostra que sempre t\u00e9 cabuda en les activitats paral\u00b7leles de la Festa Major. Enguany repeteixen la primera [&hellip;]<\/p>\n","protected":false},"author":1,"featured_media":7805,"comment_status":"closed","ping_status":"open","sticky":false,"template":"","format":"standard","meta":{"footnotes":""},"categories":[136],"tags":[],"class_list":{"0":"post-7804","1":"post","2":"type-post","3":"status-publish","4":"format-standard","5":"has-post-thumbnail","7":"category-cultura"},"_links":{"self":[{"href":"https:\/\/www.areabesos.com\/diario\/wp-json\/wp\/v2\/posts\/7804","targetHints":{"allow":["GET"]}}],"collection":[{"href":"https:\/\/www.areabesos.com\/diario\/wp-json\/wp\/v2\/posts"}],"about":[{"href":"https:\/\/www.areabesos.com\/diario\/wp-json\/wp\/v2\/types\/post"}],"author":[{"embeddable":true,"href":"https:\/\/www.areabesos.com\/diario\/wp-json\/wp\/v2\/users\/1"}],"replies":[{"embeddable":true,"href":"https:\/\/www.areabesos.com\/diario\/wp-json\/wp\/v2\/comments?post=7804"}],"version-history":[{"count":1,"href":"https:\/\/www.areabesos.com\/diario\/wp-json\/wp\/v2\/posts\/7804\/revisions"}],"predecessor-version":[{"id":7806,"href":"https:\/\/www.areabesos.com\/diario\/wp-json\/wp\/v2\/posts\/7804\/revisions\/7806"}],"wp:featuredmedia":[{"embeddable":true,"href":"https:\/\/www.areabesos.com\/diario\/wp-json\/wp\/v2\/media\/7805"}],"wp:attachment":[{"href":"https:\/\/www.areabesos.com\/diario\/wp-json\/wp\/v2\/media?parent=7804"}],"wp:term":[{"taxonomy":"category","embeddable":true,"href":"https:\/\/www.areabesos.com\/diario\/wp-json\/wp\/v2\/categories?post=7804"},{"taxonomy":"post_tag","embeddable":true,"href":"https:\/\/www.areabesos.com\/diario\/wp-json\/wp\/v2\/tags?post=7804"}],"curies":[{"name":"wp","href":"https:\/\/api.w.org\/{rel}","templated":true}]}}