{"id":7801,"date":"2024-09-04T10:18:00","date_gmt":"2024-09-04T08:18:00","guid":{"rendered":"https:\/\/www.areabesos.com\/diario\/?p=7801"},"modified":"2024-09-03T12:26:14","modified_gmt":"2024-09-03T10:26:14","slug":"una-sessio-de-lespectacle-fugit-de-kanchatka-sera-exclusiva-pels-adrianencs","status":"publish","type":"post","link":"https:\/\/www.areabesos.com\/diario\/una-sessio-de-lespectacle-fugit-de-kanchatka-sera-exclusiva-pels-adrianencs\/","title":{"rendered":"Una sessi\u00f3 de l\u2019espectacle \u201cFugit\u201d de Kanch\u00e0tka! ser\u00e0 exclusiva pels adrianencs"},"content":{"rendered":"\n<p>La biennal art\u00edstica Manifesta 15 comen\u00e7a el proper 8 de setembre, i els dies 14 i 15 d\u2019aquest mes Sant Adri\u00e0 celebrar\u00e0 la Focus Week amb l\u2019actuaci\u00f3 teatral \u201cFugit\u201d, de la companyia Kamch\u00e0tka, guardonats amb el premi MAX al millor espectacle de carrer (any 2022). Hi haur\u00e0 quatre sessions, a les 12 i a les 18 hores els dos dies. A cada passi hi podran assistir un m\u00e0xim de 90 persones. El de diumenge 15 de setembre a les 18 hores s\u2019oferir\u00e0 en exclusiva a la ciutadania de Sant Adri\u00e0. Tots els passis seran gratu\u00efts.<br>\u201cFugit\u201d \u00e9s un espectacle que posa en contexte la situaci\u00f3 de les persones que han hagut de fugir de la seva vida per tenir una oportunitat. Tal com deia Henri Laborit en el seu \u201cElogi de la fugida\u201d: \u201cEn els temps que corren, la fugida \u00e9s l\u2019\u00fanic mitj\u00e0 per a mantenir-se viu i continuar somiant\u201d. La fugida no com a mitj\u00e0 de fuita sin\u00f3 com a forma de lluita. La hist\u00f2ria dels quals es van anar, dels quals s\u2019aniran i de tots els que van exercir un paper crucial ajudant-los.Un homenatge a qui va tenir el coratge de desprendre\u2019s del superflu, abandonar el conegut i anar cap a l\u2019esperan\u00e7a d\u2019un m\u00f3n millor. Tu tamb\u00e9 haur\u00e0s de triar.<br>L\u2019espectacle t\u00e9 una durada de 90 minuts i els espectadors s\u00f3n part important de l\u2019espectacle, ja que hi participen de manera activa. En el seg\u00fcent enlla\u00e7 trobareu l\u2019espai per reservar l\u2019<a href=\"https:\/\/manifesta15.sant-adria.cat\/?modulo=fugit\">entrada<\/a>.<\/p>\n","protected":false},"excerpt":{"rendered":"<p>La biennal art\u00edstica Manifesta 15 comen\u00e7a el proper 8 de setembre, i els dies 14 i 15 d\u2019aquest mes Sant Adri\u00e0 celebrar\u00e0 la Focus Week amb l\u2019actuaci\u00f3 teatral \u201cFugit\u201d, de la companyia Kamch\u00e0tka, guardonats amb el premi MAX al millor espectacle de carrer (any 2022). Hi haur\u00e0 quatre sessions, a les 12 i a les [&hellip;]<\/p>\n","protected":false},"author":1,"featured_media":7802,"comment_status":"closed","ping_status":"open","sticky":false,"template":"","format":"standard","meta":{"footnotes":""},"categories":[136],"tags":[],"class_list":{"0":"post-7801","1":"post","2":"type-post","3":"status-publish","4":"format-standard","5":"has-post-thumbnail","7":"category-cultura"},"_links":{"self":[{"href":"https:\/\/www.areabesos.com\/diario\/wp-json\/wp\/v2\/posts\/7801","targetHints":{"allow":["GET"]}}],"collection":[{"href":"https:\/\/www.areabesos.com\/diario\/wp-json\/wp\/v2\/posts"}],"about":[{"href":"https:\/\/www.areabesos.com\/diario\/wp-json\/wp\/v2\/types\/post"}],"author":[{"embeddable":true,"href":"https:\/\/www.areabesos.com\/diario\/wp-json\/wp\/v2\/users\/1"}],"replies":[{"embeddable":true,"href":"https:\/\/www.areabesos.com\/diario\/wp-json\/wp\/v2\/comments?post=7801"}],"version-history":[{"count":1,"href":"https:\/\/www.areabesos.com\/diario\/wp-json\/wp\/v2\/posts\/7801\/revisions"}],"predecessor-version":[{"id":7803,"href":"https:\/\/www.areabesos.com\/diario\/wp-json\/wp\/v2\/posts\/7801\/revisions\/7803"}],"wp:featuredmedia":[{"embeddable":true,"href":"https:\/\/www.areabesos.com\/diario\/wp-json\/wp\/v2\/media\/7802"}],"wp:attachment":[{"href":"https:\/\/www.areabesos.com\/diario\/wp-json\/wp\/v2\/media?parent=7801"}],"wp:term":[{"taxonomy":"category","embeddable":true,"href":"https:\/\/www.areabesos.com\/diario\/wp-json\/wp\/v2\/categories?post=7801"},{"taxonomy":"post_tag","embeddable":true,"href":"https:\/\/www.areabesos.com\/diario\/wp-json\/wp\/v2\/tags?post=7801"}],"curies":[{"name":"wp","href":"https:\/\/api.w.org\/{rel}","templated":true}]}}