{"id":7756,"date":"2024-07-26T10:21:02","date_gmt":"2024-07-26T08:21:02","guid":{"rendered":"https:\/\/www.areabesos.com\/diario\/?p=7756"},"modified":"2024-07-26T10:21:03","modified_gmt":"2024-07-26T08:21:03","slug":"es-posa-en-marxa-un-any-mes-el-bus-llancadora-a-la-platja-del-forum","status":"publish","type":"post","link":"https:\/\/www.areabesos.com\/diario\/es-posa-en-marxa-un-any-mes-el-bus-llancadora-a-la-platja-del-forum\/","title":{"rendered":"Es posa en marxa un any m\u00e9s el bus llan\u00e7adora a la platja del F\u00f2rum"},"content":{"rendered":"\n<p>Avui comen\u00e7a a funcionar el servei de bus que facilitar\u00e0 l&#8217;acc\u00e8s als ciutadans i ciutadanes de Sant Adri\u00e0 a la platja del F\u00f2rum (parc de la Pau). Amb aquest servei es vol acostar la platja a la ciutadania, especialment a les persones grans i amb problemes de mobilitat.<\/p>\n\n\n\n<p>L&#8217;autob\u00fas donar\u00e0 servei tots els dies fins a l&#8217;11 de setembre de 2024 i del 12 de setembre a l&#8217;1 d&#8217;octubre de 2024 funcionar\u00e0 en caps de setmana. L&#8217;horari ser\u00e0 de 8.40 a 20 h des del centre de Sant Adri\u00e0, i de 9 a 8.20 h des de la parada de la platja del F\u00f2rum, amb una freq\u00fc\u00e8ncia de pas de 40 minuts.<\/p>\n\n\n\n<p>La parada d&#8217;origen i final ser\u00e0 a l&#8217;av. Corts Catalanes\/ av. Catalunya amb altres tres parades (av. Catalunya,Torrassa i av. de la Catalana) fins arribar a la platja del F\u00f2rum. De tornada al centre de Sant Adri\u00e0 tindr\u00e0 parada a Ol\u00edmpic-Torrassa fins arribar de nou a av. Corts Catalanes\/av. Catalunya.<\/p>\n\n\n\n<p>D&#8217;altra banda, aquest estiu els usuaris i usu\u00e0ries podran refrescar-se a les dutxes de la platja del F\u00f2rum que reobren per la rebaixa de les restriccions per sequera.<\/p>\n","protected":false},"excerpt":{"rendered":"<p>Avui comen\u00e7a a funcionar el servei de bus que facilitar\u00e0 l&#8217;acc\u00e8s als ciutadans i ciutadanes de Sant Adri\u00e0 a la platja del F\u00f2rum (parc de la Pau). Amb aquest servei es vol acostar la platja a la ciutadania, especialment a les persones grans i amb problemes de mobilitat. L&#8217;autob\u00fas donar\u00e0 servei tots els dies fins [&hellip;]<\/p>\n","protected":false},"author":2,"featured_media":7757,"comment_status":"closed","ping_status":"open","sticky":false,"template":"","format":"standard","meta":{"footnotes":""},"categories":[134],"tags":[],"class_list":{"0":"post-7756","1":"post","2":"type-post","3":"status-publish","4":"format-standard","5":"has-post-thumbnail","7":"category-actualitat"},"_links":{"self":[{"href":"https:\/\/www.areabesos.com\/diario\/wp-json\/wp\/v2\/posts\/7756","targetHints":{"allow":["GET"]}}],"collection":[{"href":"https:\/\/www.areabesos.com\/diario\/wp-json\/wp\/v2\/posts"}],"about":[{"href":"https:\/\/www.areabesos.com\/diario\/wp-json\/wp\/v2\/types\/post"}],"author":[{"embeddable":true,"href":"https:\/\/www.areabesos.com\/diario\/wp-json\/wp\/v2\/users\/2"}],"replies":[{"embeddable":true,"href":"https:\/\/www.areabesos.com\/diario\/wp-json\/wp\/v2\/comments?post=7756"}],"version-history":[{"count":1,"href":"https:\/\/www.areabesos.com\/diario\/wp-json\/wp\/v2\/posts\/7756\/revisions"}],"predecessor-version":[{"id":7758,"href":"https:\/\/www.areabesos.com\/diario\/wp-json\/wp\/v2\/posts\/7756\/revisions\/7758"}],"wp:featuredmedia":[{"embeddable":true,"href":"https:\/\/www.areabesos.com\/diario\/wp-json\/wp\/v2\/media\/7757"}],"wp:attachment":[{"href":"https:\/\/www.areabesos.com\/diario\/wp-json\/wp\/v2\/media?parent=7756"}],"wp:term":[{"taxonomy":"category","embeddable":true,"href":"https:\/\/www.areabesos.com\/diario\/wp-json\/wp\/v2\/categories?post=7756"},{"taxonomy":"post_tag","embeddable":true,"href":"https:\/\/www.areabesos.com\/diario\/wp-json\/wp\/v2\/tags?post=7756"}],"curies":[{"name":"wp","href":"https:\/\/api.w.org\/{rel}","templated":true}]}}