{"id":7741,"date":"2024-07-24T12:03:16","date_gmt":"2024-07-24T10:03:16","guid":{"rendered":"https:\/\/www.areabesos.com\/diario\/?p=7741"},"modified":"2024-07-24T12:03:16","modified_gmt":"2024-07-24T10:03:16","slug":"creu-roja-barcelones-nord-i-lajuntament-renoven-el-compromis-per-al-desenvolupament-de-programes-socials-a-la-ciutat","status":"publish","type":"post","link":"https:\/\/www.areabesos.com\/diario\/creu-roja-barcelones-nord-i-lajuntament-renoven-el-compromis-per-al-desenvolupament-de-programes-socials-a-la-ciutat\/","title":{"rendered":"Creu Roja Barcelon\u00e8s Nord i l\u2019Ajuntament renoven el comprom\u00eds per al desenvolupament de programes socials a la ciutat"},"content":{"rendered":"\n<p>L&#8217; Ajuntament de Sant Adri\u00e0 i Creu Roja Barcelon\u00e8s Nord han signat una any m\u00e9s el conveni de col\u00b7laboraci\u00f3 per al desenvolupament de programes socials per aquest any 2024. L\u2019aportaci\u00f3 del consistori a l\u2019entitat ser\u00e0 de 20.000\u20ac per al Programa Municipal d\u2019Aliments Solidaris i la campanya d\u2019atenci\u00f3 a la inf\u00e0ncia Joguina Educativa.<\/p>\n\n\n\n<h3 class=\"wp-block-heading\"><strong>Programa d\u2019Aliments Solidaris<\/strong><\/h3>\n\n\n\n<p>Ofereix aliments b\u00e0sics a les persones i\/o fam\u00edlies que tenen dificultats econ\u00f2miques. Es dona un lot d\u2019aliments amb una periodicitat quinzenal que s\u2019adapta en funci\u00f3 del nombre de persones que conviuen al domicili i dels productes de temporada. Si b\u00e9 no cobreix les necessitats aliment\u00e0ries d\u2019una fam\u00edlia, els proporciona una cistella amb alimentaci\u00f3 b\u00e0sica.<\/p>\n\n\n\n<p>Durant l\u2019any 2023 es van atendre 1470 persones, i un total de 514 fam\u00edlies<\/p>\n\n\n\n<h3 class=\"wp-block-heading\"><strong>Programa Joguina educativa<\/strong><\/h3>\n\n\n\n<p>\u00c9s una campanya que vol garantir un dels drets de la inf\u00e0ncia: el dret al joc. L\u2019objectiu \u00e9s que tots els infants de 0 a 12 anys tinguin les mateixes oportunitats i rebin una joguina nova per Nadal.&nbsp;El programa de 2023&nbsp;va atendre&nbsp;81&nbsp;infants i&nbsp;43&nbsp;fam\u00edlies.<\/p>\n","protected":false},"excerpt":{"rendered":"<p>L&#8217; Ajuntament de Sant Adri\u00e0 i Creu Roja Barcelon\u00e8s Nord han signat una any m\u00e9s el conveni de col\u00b7laboraci\u00f3 per al desenvolupament de programes socials per aquest any 2024. L\u2019aportaci\u00f3 del consistori a l\u2019entitat ser\u00e0 de 20.000\u20ac per al Programa Municipal d\u2019Aliments Solidaris i la campanya d\u2019atenci\u00f3 a la inf\u00e0ncia Joguina Educativa. Programa d\u2019Aliments Solidaris [&hellip;]<\/p>\n","protected":false},"author":2,"featured_media":7742,"comment_status":"closed","ping_status":"open","sticky":false,"template":"","format":"standard","meta":{"footnotes":""},"categories":[135],"tags":[],"class_list":{"0":"post-7741","1":"post","2":"type-post","3":"status-publish","4":"format-standard","5":"has-post-thumbnail","7":"category-societat"},"_links":{"self":[{"href":"https:\/\/www.areabesos.com\/diario\/wp-json\/wp\/v2\/posts\/7741","targetHints":{"allow":["GET"]}}],"collection":[{"href":"https:\/\/www.areabesos.com\/diario\/wp-json\/wp\/v2\/posts"}],"about":[{"href":"https:\/\/www.areabesos.com\/diario\/wp-json\/wp\/v2\/types\/post"}],"author":[{"embeddable":true,"href":"https:\/\/www.areabesos.com\/diario\/wp-json\/wp\/v2\/users\/2"}],"replies":[{"embeddable":true,"href":"https:\/\/www.areabesos.com\/diario\/wp-json\/wp\/v2\/comments?post=7741"}],"version-history":[{"count":1,"href":"https:\/\/www.areabesos.com\/diario\/wp-json\/wp\/v2\/posts\/7741\/revisions"}],"predecessor-version":[{"id":7743,"href":"https:\/\/www.areabesos.com\/diario\/wp-json\/wp\/v2\/posts\/7741\/revisions\/7743"}],"wp:featuredmedia":[{"embeddable":true,"href":"https:\/\/www.areabesos.com\/diario\/wp-json\/wp\/v2\/media\/7742"}],"wp:attachment":[{"href":"https:\/\/www.areabesos.com\/diario\/wp-json\/wp\/v2\/media?parent=7741"}],"wp:term":[{"taxonomy":"category","embeddable":true,"href":"https:\/\/www.areabesos.com\/diario\/wp-json\/wp\/v2\/categories?post=7741"},{"taxonomy":"post_tag","embeddable":true,"href":"https:\/\/www.areabesos.com\/diario\/wp-json\/wp\/v2\/tags?post=7741"}],"curies":[{"name":"wp","href":"https:\/\/api.w.org\/{rel}","templated":true}]}}