{"id":7737,"date":"2024-07-22T09:11:00","date_gmt":"2024-07-22T07:11:00","guid":{"rendered":"https:\/\/www.areabesos.com\/diario\/?p=7737"},"modified":"2024-07-22T13:45:50","modified_gmt":"2024-07-22T11:45:50","slug":"dos-albertos-y-una-begona-si-pueden-derrotar-a-isabel","status":"publish","type":"post","link":"https:\/\/www.areabesos.com\/diario\/dos-albertos-y-una-begona-si-pueden-derrotar-a-isabel\/","title":{"rendered":"Dos Albertos y una Bego\u00f1a s\u00ed pueden derrotar a Isabel"},"content":{"rendered":"\n<p>Ya lo intent\u00f3 antes un tal Pablo, como olvidar tanto negocio sucio con el COVID de la \u201clibertad\u201d en Madrid para que se contagiaran muchos y muchas y as\u00ed meter ingentes cantidades del dinero de los impuestos en los bolsillos de los suyos, los de Isabel, comprando sus mascarillas al precio que pusieran.<\/p>\n\n\n\n<p>Casado, un inconsciente, en su ambici\u00f3n por acabar con su peor adversaria hasta se olvid\u00f3 de que solo ten\u00eda 89 esca\u00f1os y 5 millones de votos. Con resultados similares en las urnas generales, tres a\u00f1os antes los secuaces de un \u201cjarr\u00f3n chino\u201d y de una tal Susana hab\u00edan expulsado de Ferraz al marido de Bego\u00f1a. Es probable que Pedro y Pablo sean, en su intimidad, igual de felices ahora, pero las alegr\u00edas del ex del PP nos importan un bledo. &nbsp;&nbsp;<\/p>\n\n\n\n<p>Dejando de lado lo personal, es lugar com\u00fan que los dirigentes del PP saben dos cosas.<\/p>\n\n\n\n<p>La primera, que los votantes de izquierdas se alejan de las urnas cuando la corrupci\u00f3n pol\u00edtica afecta a los suyos.<\/p>\n\n\n\n<p>Y la segunda, que cualquier expediente en manos de jueces de los que controlan \u201cdesde atr\u00e1s\u201d (senador Cosido en 2018) se puede mantener vivo durante el tiempo que convenga. Por ejemplo, los tres a\u00f1os que faltan para las pr\u00f3ximas elecciones generales.<\/p>\n\n\n\n<p>Dos cosas, ambas, por s\u00ed solas suficientes para que los del PP hayan decidido convertir a \u201cla mujer de Pedro S\u00e1nchez\u201d en el foco principal de sus cr\u00edticas al gobierno, incluso aunque al final se quede en nada porque, a pesar de que hablan como si dictaran sentencias, lo cierto es que los partidos de la derecha espa\u00f1olista no disponen, de momento, de ese privilegio.<\/p>\n\n\n\n<p>Saben, Feij\u00f3o y los suyos, que a pesar de tantos cambios producidos en todo desde hace m\u00e1s de veinte siglos, en miles de barras de bar y de grupos de redes en las que tambi\u00e9n se bebe, cada d\u00eda se repiten y se seguir\u00e1n repitiendo sentencias como aquella de que \u201cla mujer del C\u00e9sar, adem\u00e1s de honrada debe parecerlo\u201d, demostrando los sabiondos beodos que desconocen el origen de la frase, pues nada tiene que ver una infidelidad personal sufrida en p\u00fablico por un \u201cCesar\u201d, fuera cierta o no, con el ejercicio de la profesi\u00f3n de la pareja del presidente de un Gobierno.<\/p>\n\n\n\n<p>Por eso, ella puede defenderse con todo porque, a diferencia de la pareja de Isabel que, por casualidad, tambi\u00e9n se llama Alberto, Bego\u00f1a no ha reconocido por escrito la comisi\u00f3n de ning\u00fan delito.<\/p>\n\n\n\n<p>Pero es que la pareja de Pedro est\u00e1 mucho m\u00e1s blindada que el novio de Isabel, y no porque un presidente del Gobierno sea siempre m\u00e1s que la presidenta de un territorio que causa m\u00e1s problemas por ser Comunidad Aut\u00f3noma, y no Distrito Federal, ya puestos, que por cualquier otra cosa, sino porque \u201cBego\u00f1a G\u00f3mez es lo que hay\u201d, que lo he puesto entre comillas porque era el otro t\u00edtulo que ten\u00eda previsto para este rollo de lunes veraniego.<\/p>\n\n\n\n<p>Bego\u00f1a G\u00f3mez es \u201clo que hay\u201d porque \u201ctr\u00e1fico de influencias\u201d, el concepto que finalmente parece haber escogido el l\u00edder del PP para poner orden entre los suyos contra S\u00e1nchez, sirve para un roto y para un descosido, desde el contacto personal que alguien mantiene con \u201cAlguien\u201d para conseguir que su hijo haga algo de provecho, aunque sea pagando, hasta el \u201ctr\u00e1fico\u201d de drogas, pasando por los \u201cinfluencer\u201d que, aunque los ignore la RAE y nadie sepa a ciencia cierta de qu\u00e9 viven, crecen y se multiplican.<\/p>\n\n\n\n<p>Y la G\u00f3mez Fern\u00e1ndez de Pedro est\u00e1 tambi\u00e9n mucho m\u00e1s blindada que el Gonz\u00e1lez Amador de Isabel por algo tan sencillo como que si ella cayera por sus \u201ctr\u00e1ficos\u201d tambi\u00e9n caer\u00edan los \u201ctraficantes\u201d, y s\u00ed un tal Hidalgo, el viejo, de Air Europa, sali\u00f3 deprisa a dar la orden de que no hubo nada, pues no hubo nada, aunque lo hubiera o hubiese habido, pues la nada no existe en ning\u00fan rinc\u00f3n conocido.<\/p>\n\n\n\n<p>De lo de la Universidad Complutense de Madrid lo acabo de anotar en la agenda para unas risas cuando me necesiten.<\/p>\n\n\n\n<p>Concluyo con dos preguntas al del PP y una reflexi\u00f3n sobre el del PSOE.<\/p>\n\n\n\n<p>\u00bfHabr\u00e1 elegido el Alberto del PP a la Bego\u00f1a de Pedro como sparring de oportunidad para destruir a Isabel por lo de su novio? Y, ya que estoy, a\u00f1ado: \u00bfDisfrutaste o no, Alberto, hace dos o tres d\u00edas, cuando la propia Isabel cit\u00f3 lo de su Alberto con ocasi\u00f3n de esa Bego\u00f1a que ya parece m\u00e1s tuya que de Pedro?<\/p>\n\n\n\n<p>Por eso no me sorprende tanto que siga feliz, y sin mover ficha, el mismo S\u00e1nchez que fue capaz de plantear a Feij\u00f3o un ultim\u00e1tum triunfador para el 30 de junio con el que consigui\u00f3 que el del PP mordiera el polvo de la renovaci\u00f3n de un CGPJ m\u00e1s podrido que caducado, y que sin duda contribuy\u00f3 a que Abascal perdiera la paciencia de un vaso que se derram\u00f3 con la excusa de 347 menores distribuidos entre 48 millones de habitantes.<\/p>\n\n\n\n<p>Creo que el presidente del Gobierno est\u00e1 convencido de que el ataque a su Bego\u00f1a es la mejor loter\u00eda que ha podido tocarle, y hasta el boleto lo han pagado unos adversarios ciegos que han decidido convertirse en sus enemigos declarados.<\/p>\n\n\n\n<p><span style=\"background-color:#050000\" class=\"td_text_highlight_marker\">Domingo Sanz<\/span><\/p>\n","protected":false},"excerpt":{"rendered":"<p>Ya lo intent\u00f3 antes un tal Pablo, como olvidar tanto negocio sucio con el COVID de la \u201clibertad\u201d en Madrid para que se contagiaran muchos y muchas y as\u00ed meter ingentes cantidades del dinero de los impuestos en los bolsillos de los suyos, los de Isabel, comprando sus mascarillas al precio que pusieran. Casado, un [&hellip;]<\/p>\n","protected":false},"author":2,"featured_media":7738,"comment_status":"closed","ping_status":"open","sticky":false,"template":"","format":"standard","meta":{"footnotes":""},"categories":[139],"tags":[],"class_list":{"0":"post-7737","1":"post","2":"type-post","3":"status-publish","4":"format-standard","5":"has-post-thumbnail","7":"category-opinio"},"_links":{"self":[{"href":"https:\/\/www.areabesos.com\/diario\/wp-json\/wp\/v2\/posts\/7737","targetHints":{"allow":["GET"]}}],"collection":[{"href":"https:\/\/www.areabesos.com\/diario\/wp-json\/wp\/v2\/posts"}],"about":[{"href":"https:\/\/www.areabesos.com\/diario\/wp-json\/wp\/v2\/types\/post"}],"author":[{"embeddable":true,"href":"https:\/\/www.areabesos.com\/diario\/wp-json\/wp\/v2\/users\/2"}],"replies":[{"embeddable":true,"href":"https:\/\/www.areabesos.com\/diario\/wp-json\/wp\/v2\/comments?post=7737"}],"version-history":[{"count":1,"href":"https:\/\/www.areabesos.com\/diario\/wp-json\/wp\/v2\/posts\/7737\/revisions"}],"predecessor-version":[{"id":7739,"href":"https:\/\/www.areabesos.com\/diario\/wp-json\/wp\/v2\/posts\/7737\/revisions\/7739"}],"wp:featuredmedia":[{"embeddable":true,"href":"https:\/\/www.areabesos.com\/diario\/wp-json\/wp\/v2\/media\/7738"}],"wp:attachment":[{"href":"https:\/\/www.areabesos.com\/diario\/wp-json\/wp\/v2\/media?parent=7737"}],"wp:term":[{"taxonomy":"category","embeddable":true,"href":"https:\/\/www.areabesos.com\/diario\/wp-json\/wp\/v2\/categories?post=7737"},{"taxonomy":"post_tag","embeddable":true,"href":"https:\/\/www.areabesos.com\/diario\/wp-json\/wp\/v2\/tags?post=7737"}],"curies":[{"name":"wp","href":"https:\/\/api.w.org\/{rel}","templated":true}]}}