{"id":7731,"date":"2024-07-22T10:43:35","date_gmt":"2024-07-22T08:43:35","guid":{"rendered":"https:\/\/www.areabesos.com\/diario\/?p=7731"},"modified":"2024-07-22T10:43:36","modified_gmt":"2024-07-22T08:43:36","slug":"reabre-el-parque-fluvial-del-besos-tras-el-vertido-toxico-de-aguas-de-la-extincion-de-un-incendio-de-una-quimica-en-polinya","status":"publish","type":"post","link":"https:\/\/www.areabesos.com\/diario\/reabre-el-parque-fluvial-del-besos-tras-el-vertido-toxico-de-aguas-de-la-extincion-de-un-incendio-de-una-quimica-en-polinya\/","title":{"rendered":"Reabre el Parque Fluvial del Bes\u00f2s tras el vertido t\u00f3xico de aguas de la extinci\u00f3n de un incendio de una qu\u00edmica en Poliny\u00e0"},"content":{"rendered":"\n<p>Ayer domingo el Parque Fluvial del Bes\u00f2s y la playa del F\u00f2rum se cerraron a la ciudadan\u00eda despu\u00e9s de detectarse el vertido t\u00f3xico al r\u00edo provocado por el agua utilizada para la extinci\u00f3n del incendio en una industria qu\u00edmica en Poliny\u00e0. Esta ma\u00f1ana el parque ya se ha reabierto a la ciudadan\u00eda, pero la playa del F\u00f2rum permanece con bandera roja por mala calidad del agua. <\/p>\n\n\n\n<p>El incendio se produjo la madrugada del viernes. En principio el agua que se utiliz\u00f3 para su extinci\u00f3n iba a ser tratada por la depuradora de la La Llagosta, pero se produjo un mal funcionamiento del cierre biol\u00f3gico de la planta y parte del agua acab\u00f3 en el r\u00edo. Alguno de los productos t\u00f3xicos no pudo ser depurado por la planta y lleg\u00f3 a las aguas fluviales. Vecinos de Montcada i Reixac y Santa Coloma de Gramenet advirtieron de la presencia de peces muertos en el Bes\u00f2s. Al final se han recogido un millar de animales muertos.<\/p>\n\n\n\n<p>La situaci\u00f3n recuerda a lo que se vivi\u00f3 hace dos a\u00f1os y en 2019 con sendos incendios en una industria cercana al Bes\u00f2s en Monton\u00e9s del Vall\u00e8s que provocaron vertidos t\u00f3xicos que acab\u00f3 con la vida de varias especies de peces y puso en riesgo la biodiversidad del Bes\u00f2s. <\/p>\n","protected":false},"excerpt":{"rendered":"<p>Ayer domingo el Parque Fluvial del Bes\u00f2s y la playa del F\u00f2rum se cerraron a la ciudadan\u00eda despu\u00e9s de detectarse el vertido t\u00f3xico al r\u00edo provocado por el agua utilizada para la extinci\u00f3n del incendio en una industria qu\u00edmica en Poliny\u00e0. Esta ma\u00f1ana el parque ya se ha reabierto a la ciudadan\u00eda, pero la playa [&hellip;]<\/p>\n","protected":false},"author":1,"featured_media":7732,"comment_status":"closed","ping_status":"open","sticky":false,"template":"","format":"standard","meta":{"footnotes":""},"categories":[134],"tags":[],"class_list":{"0":"post-7731","1":"post","2":"type-post","3":"status-publish","4":"format-standard","5":"has-post-thumbnail","7":"category-actualitat"},"_links":{"self":[{"href":"https:\/\/www.areabesos.com\/diario\/wp-json\/wp\/v2\/posts\/7731","targetHints":{"allow":["GET"]}}],"collection":[{"href":"https:\/\/www.areabesos.com\/diario\/wp-json\/wp\/v2\/posts"}],"about":[{"href":"https:\/\/www.areabesos.com\/diario\/wp-json\/wp\/v2\/types\/post"}],"author":[{"embeddable":true,"href":"https:\/\/www.areabesos.com\/diario\/wp-json\/wp\/v2\/users\/1"}],"replies":[{"embeddable":true,"href":"https:\/\/www.areabesos.com\/diario\/wp-json\/wp\/v2\/comments?post=7731"}],"version-history":[{"count":1,"href":"https:\/\/www.areabesos.com\/diario\/wp-json\/wp\/v2\/posts\/7731\/revisions"}],"predecessor-version":[{"id":7733,"href":"https:\/\/www.areabesos.com\/diario\/wp-json\/wp\/v2\/posts\/7731\/revisions\/7733"}],"wp:featuredmedia":[{"embeddable":true,"href":"https:\/\/www.areabesos.com\/diario\/wp-json\/wp\/v2\/media\/7732"}],"wp:attachment":[{"href":"https:\/\/www.areabesos.com\/diario\/wp-json\/wp\/v2\/media?parent=7731"}],"wp:term":[{"taxonomy":"category","embeddable":true,"href":"https:\/\/www.areabesos.com\/diario\/wp-json\/wp\/v2\/categories?post=7731"},{"taxonomy":"post_tag","embeddable":true,"href":"https:\/\/www.areabesos.com\/diario\/wp-json\/wp\/v2\/tags?post=7731"}],"curies":[{"name":"wp","href":"https:\/\/api.w.org\/{rel}","templated":true}]}}