{"id":7728,"date":"2024-07-18T10:46:53","date_gmt":"2024-07-18T08:46:53","guid":{"rendered":"https:\/\/www.areabesos.com\/diario\/?p=7728"},"modified":"2024-07-19T10:54:07","modified_gmt":"2024-07-19T08:54:07","slug":"reflexiones-en-torno-a-la-regeneracion-democratica","status":"publish","type":"post","link":"https:\/\/www.areabesos.com\/diario\/reflexiones-en-torno-a-la-regeneracion-democratica\/","title":{"rendered":"Reflexiones en torno a la \u201cregeneraci\u00f3n democr\u00e1tica\u201d."},"content":{"rendered":"\n<p>En el <strong>Colectivo de Pensamiento y Debate Cr\u00edtico Ateneo Republicano<\/strong> hemos estado hoy, 17 de julio, atentos a la comparecencia del presidente S\u00e1nchez en el Congreso para exponer las medidas de regeneraci\u00f3n democr\u00e1tica que anunci\u00f3 a finales de abril.<\/p>\n\n\n\n<p>Por separado, varios componentes del Colectivo hemos realizado valoraciones por escrito de la intervenci\u00f3n de S\u00e1nchez. A continuaci\u00f3n, una conversaci\u00f3n imaginaria en el Colectivo compuesta con algunos de los p\u00e1rrafos de las aportaciones recibidas.<\/p>\n\n\n\n<p>\u00c1ngel Viviente, en \u201c<strong>Para este viaje no se necesitaban estas alforjas<\/strong>\u201d, escribe:<\/p>\n\n\n\n<p>\u201c<em>El resultado ha sido la presentaci\u00f3n de unas medidas, nada novedosas por otra parte dado que tan solo siguen la normativa europea, tendentes a mejorar el funcionamiento de los medios, financiaci\u00f3n, eliminaci\u00f3n de bulos, etc, como si eso fuera lo \u00fanico y fundamental para esa Regeneraci\u00f3n. Esta presentaci\u00f3n deber\u00eda haberse llamado simplemente Ley de Medios<\/em>\u201d.<\/p>\n\n\n\n<p>Alfonso Bejarano ha escrito \u201c<strong>Regenerar no es esto<\/strong>\u201d, donde podemos leer lo siguiente:<\/p>\n\n\n\n<p>\u201c<em>La verdad es que uno no sabr\u00eda explicar para qu\u00e9 ha ido el Presidente hoy, como le ha reprochado el portavoz de ERC Gabriel Rufi\u00e1n. Tan s\u00f3lo a anunciar unas medidas ya acordadas en la UE<\/em>\u201d.<\/p>\n\n\n\n<p>En su \u201c<strong>Decepcionante 17 de julio de Pedro S\u00e1nchez<\/strong>\u201d Domingo Sanz mira el reloj y comprueba que \u201c<em>el informativo m\u00e1s escuchado de la radio<\/em>\u201d, que dura 30 minutos, ha tardado 17 en referirse \u201c<em>por primera vez, a la \u2018regeneraci\u00f3n\u2019 que esper\u00e1bamos<\/em>\u201d.<\/p>\n\n\n\n<p>Por \u00faltimo, en \u201c<strong>M\u00e1s hechos y menos fuego de artificio<\/strong>\u201d Javier Madrazo comienza asumiendo que \u201c<em>Tiene raz\u00f3n el presidente del Gobierno, Pedro S\u00e1nchez, cuando alerta sobre los peligros que amenazan hoy la democracia<\/em>\u201d y, por eso mismo, probablemente decepcionado comienza el \u00faltimo p\u00e1rrafo afirmando que \u201c<em>En este sentido, mucho me temo que el llamado Plan de Regeneraci\u00f3n Democr\u00e1tica, presentado por Pedro S\u00e1nchez,&nbsp;no es la respuesta que la ciudadan\u00eda esperaba. La pol\u00edtica espect\u00e1culo, m\u00e1s fuego de artificio que compromisos reales, beneficia al Partido Popular y a VOX, y no contribuye a re-conectar con una sociedad cansada de acumular decepciones y frustraciones<\/em>\u201d.<\/p>\n\n\n\n<p>Acto seguido, Yeray responde a Javier expresando una decepci\u00f3n que va m\u00e1s all\u00e1 de S\u00e1nchez: \u201c<em>Dudo, Javier, que se pueda recuperar la credibilidad y la confianza ya que en Espa\u00f1a al menos hace tiempo que desapareci\u00f3 la izquierda pol\u00edtica<\/em>\u201d.&nbsp;<\/p>\n\n\n\n<p>Volviendo de nuevo a las reflexiones de \u00c1ngel Viviente, termina destacando temas \u201c<em>que deber\u00edan haberse mencionado, evidenciando al mismo tiempo que se iba a actuar sobre ellos:<\/em><\/p>\n\n\n\n<p>\u00b7&nbsp; <em>El funcionamiento de la Justicia, desde la forma en que se accede a la carrera judicial, hasta la composici\u00f3n y elecci\u00f3n de sus \u00f3rganos de gobierno, su administraci\u00f3n, los medios de que disponen.<\/em><\/p>\n\n\n\n<p>\u00b7&nbsp; <em>La Vivienda, como uno de los mayores problemas sociales<\/em><\/p>\n\n\n\n<p>\u00b7&nbsp; <em>La Ley Mordaza<\/em><\/p>\n\n\n\n<p>\u00b7&nbsp; <em>La Ley de Secretos Oficiales<\/em><\/p>\n\n\n\n<p>\u00b7&nbsp; <em>La LOREG, como base de nuestro funcionamiento democr\u00e1tico<\/em><\/p>\n\n\n\n<p><em>Nada de estos problemas acuciantes, que nos mover\u00edan a una aut\u00e9ntica Regeneraci\u00f3n Democr\u00e1tica, se han siquiera mencionado.<\/em>\u201d<\/p>\n\n\n\n<p>Sobre el primero de los problemas que \u00c1ngel destaca, el de la Justicia, Alfonso Bejarano escribe que \u201c<em>Si es tan \u201cgrave\u201d y retorcido el papel de la justicia, hoy hubiera sido el mejor d\u00eda para anunciar, por ejemplo, un amplio paquete de medidas para reformar la justicia. Lo que el ciudadano quiere son m\u00e1s juzgados, tramitaciones m\u00e1s r\u00e1pidas de instrucciones, de expedientes, de juicios, de sentencias y sobre todo m\u00e1s recursos (\u2026), una plena digitalizaci\u00f3n para que el servicio al ciudadano sea \u00e1gil y no estar pendientes meses o a\u00f1os de una resoluci\u00f3n o sentencia firme. La tramitaci\u00f3n de la amnist\u00eda o las reformas del delito de sedici\u00f3n o malversaci\u00f3n se ha hecho en semanas. La reforma administrativa de la justicia ni se plantea\u201d.<\/em><\/p>\n\n\n\n<p>Sanz, por su parte, casi descarta la voluntad de \u201cregeneraci\u00f3n\u201d al localizar diferencias notorias en las palabras del propio S\u00e1nchez porque, mientras en la carta de abril afirm\u00f3 que los ataques que sufre son porque representa una \u201c<em>opci\u00f3n pol\u00edtica progresista basada en (\u2026) la regeneraci\u00f3n democr\u00e1tica<\/em>\u201d, en el discurso pronunciado en el Congreso le dice que \u201c<em>entre sus 9.191 palabras no aparece ni una sola vez \u201cregeneraci\u00f3n\u201d. Incluso el t\u00edtulo que has elegido es \u201cPlan de Acci\u00f3n por la Democracia<\/em>\u201d.<\/p>\n\n\n\n<p>Para finalizar con la selecci\u00f3n de aportaciones compartidas en el Colectivo de Pensamiento y Debate Cr\u00edtico Ateneo Republicano podr\u00eda valer la reflexi\u00f3n que Madrazo ha elegido para cerrar la suya: \u201c<em>A la izquierda siempre se le exige m\u00e1s que a la derecha y, por ello, hay que redoblar esfuerzos para convencer con hechos y no con promesas, que no se cumplen. Sumar es un buen ejemplo de un proyecto ambicioso e ilusionante, que por un personalismo malentendido y por falta de generosidad no ha llegado donde debiera. Anuncios como el de la Ley Mordaza y otros, que nunca son lo que parecen, no ayudan a recuperar la credibilidad y la confianza. Aprendamos de estos errores.\u201d<\/em><\/p>\n\n\n\n<p>Los escritos completos de cada autor se pueden leer <a href=\"https:\/\/colectivodepensamientoydebatecritico.blogspot.com\/2024\/07\/en-torno-la-regeneracion-democratica.html\">aqu\u00ed<\/a><\/p>\n\n\n\n<p><span style=\"background-color:#080000\" class=\"td_text_highlight_marker\">Domingo Sanz<\/span><\/p>\n","protected":false},"excerpt":{"rendered":"<p>En el Colectivo de Pensamiento y Debate Cr\u00edtico Ateneo Republicano hemos estado hoy, 17 de julio, atentos a la comparecencia del presidente S\u00e1nchez en el Congreso para exponer las medidas de regeneraci\u00f3n democr\u00e1tica que anunci\u00f3 a finales de abril. Por separado, varios componentes del Colectivo hemos realizado valoraciones por escrito de la intervenci\u00f3n de S\u00e1nchez. [&hellip;]<\/p>\n","protected":false},"author":2,"featured_media":7729,"comment_status":"closed","ping_status":"open","sticky":false,"template":"","format":"standard","meta":{"footnotes":""},"categories":[139],"tags":[],"class_list":{"0":"post-7728","1":"post","2":"type-post","3":"status-publish","4":"format-standard","5":"has-post-thumbnail","7":"category-opinio"},"_links":{"self":[{"href":"https:\/\/www.areabesos.com\/diario\/wp-json\/wp\/v2\/posts\/7728","targetHints":{"allow":["GET"]}}],"collection":[{"href":"https:\/\/www.areabesos.com\/diario\/wp-json\/wp\/v2\/posts"}],"about":[{"href":"https:\/\/www.areabesos.com\/diario\/wp-json\/wp\/v2\/types\/post"}],"author":[{"embeddable":true,"href":"https:\/\/www.areabesos.com\/diario\/wp-json\/wp\/v2\/users\/2"}],"replies":[{"embeddable":true,"href":"https:\/\/www.areabesos.com\/diario\/wp-json\/wp\/v2\/comments?post=7728"}],"version-history":[{"count":1,"href":"https:\/\/www.areabesos.com\/diario\/wp-json\/wp\/v2\/posts\/7728\/revisions"}],"predecessor-version":[{"id":7730,"href":"https:\/\/www.areabesos.com\/diario\/wp-json\/wp\/v2\/posts\/7728\/revisions\/7730"}],"wp:featuredmedia":[{"embeddable":true,"href":"https:\/\/www.areabesos.com\/diario\/wp-json\/wp\/v2\/media\/7729"}],"wp:attachment":[{"href":"https:\/\/www.areabesos.com\/diario\/wp-json\/wp\/v2\/media?parent=7728"}],"wp:term":[{"taxonomy":"category","embeddable":true,"href":"https:\/\/www.areabesos.com\/diario\/wp-json\/wp\/v2\/categories?post=7728"},{"taxonomy":"post_tag","embeddable":true,"href":"https:\/\/www.areabesos.com\/diario\/wp-json\/wp\/v2\/tags?post=7728"}],"curies":[{"name":"wp","href":"https:\/\/api.w.org\/{rel}","templated":true}]}}