{"id":7717,"date":"2024-07-17T11:57:35","date_gmt":"2024-07-17T09:57:35","guid":{"rendered":"https:\/\/www.areabesos.com\/diario\/?p=7717"},"modified":"2024-07-17T13:21:29","modified_gmt":"2024-07-17T11:21:29","slug":"proteccion-civil-comienza-una-campana-preventiva-por-las-altas-temperaturas","status":"publish","type":"post","link":"https:\/\/www.areabesos.com\/diario\/proteccion-civil-comienza-una-campana-preventiva-por-las-altas-temperaturas\/","title":{"rendered":"Protecci\u00f3n Civil comienza una campa\u00f1a preventiva por las altas temperaturas"},"content":{"rendered":"\n<p>La Asociaci\u00f3n de Voluntarios de Protecci\u00f3n Civil de Sant Adri\u00e0 iniciaron ayer una campa\u00f1a preventiva por las altas temperaturas y los refugios clim\u00e1ticos en la ciudad con una carpa en la pla\u00e7a de la Vila a la que se acercaron varios ciudadanos. En los pr\u00f3ximos d\u00edas, continuar\u00e1n con la campa\u00f1a en todos los barrios de la ciudad. <\/p>\n\n\n\n<p>Los refugios clim\u00e1ticos que ha establecido el consistorio adrianense en la ciudad son el Casal Dalt de la Vila, el Casal de Gent Gran Joan Fiveller, el Centre Cultural Bes\u00f2s, el Casal de Cultura, el Casal de Gent Gran Via Trajana, la Biblioteca Font de La Mina, la Biblioteca Sant Adri\u00e0, y la Rambleta delante del Polidor y el Colegio Sant Gabriel.<\/p>\n\n\n\n<figure class=\"wp-block-gallery has-nested-images columns-default is-cropped td-modal-on-gallery wp-block-gallery-1 is-layout-flex wp-block-gallery-is-layout-flex\">\n<figure class=\"wp-block-image size-large\"><img loading=\"lazy\" decoding=\"async\" width=\"1024\" height=\"768\" data-id=\"7724\" src=\"https:\/\/www.areabesos.com\/diario\/wp-content\/uploads\/2024\/07\/prote_estiu07-1024x768.jpg\" alt=\"\" class=\"wp-image-7724\" srcset=\"https:\/\/www.areabesos.com\/diario\/wp-content\/uploads\/2024\/07\/prote_estiu07-1024x768.jpg 1024w, https:\/\/www.areabesos.com\/diario\/wp-content\/uploads\/2024\/07\/prote_estiu07-300x225.jpg 300w, https:\/\/www.areabesos.com\/diario\/wp-content\/uploads\/2024\/07\/prote_estiu07-768x576.jpg 768w, https:\/\/www.areabesos.com\/diario\/wp-content\/uploads\/2024\/07\/prote_estiu07-150x113.jpg 150w, https:\/\/www.areabesos.com\/diario\/wp-content\/uploads\/2024\/07\/prote_estiu07-696x522.jpg 696w, https:\/\/www.areabesos.com\/diario\/wp-content\/uploads\/2024\/07\/prote_estiu07-1068x801.jpg 1068w, https:\/\/www.areabesos.com\/diario\/wp-content\/uploads\/2024\/07\/prote_estiu07.jpg 1200w\" sizes=\"auto, (max-width: 1024px) 100vw, 1024px\" \/><\/figure>\n\n\n\n<figure class=\"wp-block-image size-large\"><img loading=\"lazy\" decoding=\"async\" width=\"1024\" height=\"768\" data-id=\"7723\" src=\"https:\/\/www.areabesos.com\/diario\/wp-content\/uploads\/2024\/07\/prote_estiu06-1024x768.jpg\" alt=\"\" class=\"wp-image-7723\" srcset=\"https:\/\/www.areabesos.com\/diario\/wp-content\/uploads\/2024\/07\/prote_estiu06-1024x768.jpg 1024w, https:\/\/www.areabesos.com\/diario\/wp-content\/uploads\/2024\/07\/prote_estiu06-300x225.jpg 300w, https:\/\/www.areabesos.com\/diario\/wp-content\/uploads\/2024\/07\/prote_estiu06-768x576.jpg 768w, https:\/\/www.areabesos.com\/diario\/wp-content\/uploads\/2024\/07\/prote_estiu06-150x113.jpg 150w, https:\/\/www.areabesos.com\/diario\/wp-content\/uploads\/2024\/07\/prote_estiu06-696x522.jpg 696w, https:\/\/www.areabesos.com\/diario\/wp-content\/uploads\/2024\/07\/prote_estiu06-1068x801.jpg 1068w, https:\/\/www.areabesos.com\/diario\/wp-content\/uploads\/2024\/07\/prote_estiu06.jpg 1200w\" sizes=\"auto, (max-width: 1024px) 100vw, 1024px\" \/><\/figure>\n\n\n\n<figure class=\"wp-block-image size-large\"><img loading=\"lazy\" decoding=\"async\" width=\"1024\" height=\"768\" data-id=\"7726\" src=\"https:\/\/www.areabesos.com\/diario\/wp-content\/uploads\/2024\/07\/prote_estiu05-1024x768.jpg\" alt=\"\" class=\"wp-image-7726\" srcset=\"https:\/\/www.areabesos.com\/diario\/wp-content\/uploads\/2024\/07\/prote_estiu05-1024x768.jpg 1024w, https:\/\/www.areabesos.com\/diario\/wp-content\/uploads\/2024\/07\/prote_estiu05-300x225.jpg 300w, https:\/\/www.areabesos.com\/diario\/wp-content\/uploads\/2024\/07\/prote_estiu05-768x576.jpg 768w, https:\/\/www.areabesos.com\/diario\/wp-content\/uploads\/2024\/07\/prote_estiu05-150x113.jpg 150w, https:\/\/www.areabesos.com\/diario\/wp-content\/uploads\/2024\/07\/prote_estiu05-696x522.jpg 696w, https:\/\/www.areabesos.com\/diario\/wp-content\/uploads\/2024\/07\/prote_estiu05-1068x801.jpg 1068w, https:\/\/www.areabesos.com\/diario\/wp-content\/uploads\/2024\/07\/prote_estiu05.jpg 1200w\" sizes=\"auto, (max-width: 1024px) 100vw, 1024px\" \/><\/figure>\n\n\n\n<figure class=\"wp-block-image size-large\"><img loading=\"lazy\" decoding=\"async\" width=\"1024\" height=\"768\" data-id=\"7722\" src=\"https:\/\/www.areabesos.com\/diario\/wp-content\/uploads\/2024\/07\/prote_estiu04-1024x768.jpg\" alt=\"\" class=\"wp-image-7722\" srcset=\"https:\/\/www.areabesos.com\/diario\/wp-content\/uploads\/2024\/07\/prote_estiu04-1024x768.jpg 1024w, https:\/\/www.areabesos.com\/diario\/wp-content\/uploads\/2024\/07\/prote_estiu04-300x225.jpg 300w, https:\/\/www.areabesos.com\/diario\/wp-content\/uploads\/2024\/07\/prote_estiu04-768x576.jpg 768w, https:\/\/www.areabesos.com\/diario\/wp-content\/uploads\/2024\/07\/prote_estiu04-150x113.jpg 150w, https:\/\/www.areabesos.com\/diario\/wp-content\/uploads\/2024\/07\/prote_estiu04-696x522.jpg 696w, https:\/\/www.areabesos.com\/diario\/wp-content\/uploads\/2024\/07\/prote_estiu04-1068x801.jpg 1068w, https:\/\/www.areabesos.com\/diario\/wp-content\/uploads\/2024\/07\/prote_estiu04.jpg 1200w\" sizes=\"auto, (max-width: 1024px) 100vw, 1024px\" \/><\/figure>\n\n\n\n<figure class=\"wp-block-image size-large\"><img loading=\"lazy\" decoding=\"async\" width=\"1024\" height=\"768\" data-id=\"7725\" src=\"https:\/\/www.areabesos.com\/diario\/wp-content\/uploads\/2024\/07\/prote_estiu03-1024x768.jpg\" alt=\"\" class=\"wp-image-7725\" srcset=\"https:\/\/www.areabesos.com\/diario\/wp-content\/uploads\/2024\/07\/prote_estiu03-1024x768.jpg 1024w, https:\/\/www.areabesos.com\/diario\/wp-content\/uploads\/2024\/07\/prote_estiu03-300x225.jpg 300w, https:\/\/www.areabesos.com\/diario\/wp-content\/uploads\/2024\/07\/prote_estiu03-768x576.jpg 768w, https:\/\/www.areabesos.com\/diario\/wp-content\/uploads\/2024\/07\/prote_estiu03-150x113.jpg 150w, https:\/\/www.areabesos.com\/diario\/wp-content\/uploads\/2024\/07\/prote_estiu03-696x522.jpg 696w, https:\/\/www.areabesos.com\/diario\/wp-content\/uploads\/2024\/07\/prote_estiu03-1068x801.jpg 1068w, https:\/\/www.areabesos.com\/diario\/wp-content\/uploads\/2024\/07\/prote_estiu03.jpg 1200w\" sizes=\"auto, (max-width: 1024px) 100vw, 1024px\" \/><\/figure>\n\n\n\n<figure class=\"wp-block-image size-large\"><img loading=\"lazy\" decoding=\"async\" width=\"1024\" height=\"768\" data-id=\"7721\" src=\"https:\/\/www.areabesos.com\/diario\/wp-content\/uploads\/2024\/07\/prote_estiu02-1024x768.jpg\" alt=\"\" class=\"wp-image-7721\" srcset=\"https:\/\/www.areabesos.com\/diario\/wp-content\/uploads\/2024\/07\/prote_estiu02-1024x768.jpg 1024w, https:\/\/www.areabesos.com\/diario\/wp-content\/uploads\/2024\/07\/prote_estiu02-300x225.jpg 300w, https:\/\/www.areabesos.com\/diario\/wp-content\/uploads\/2024\/07\/prote_estiu02-768x576.jpg 768w, https:\/\/www.areabesos.com\/diario\/wp-content\/uploads\/2024\/07\/prote_estiu02-150x113.jpg 150w, https:\/\/www.areabesos.com\/diario\/wp-content\/uploads\/2024\/07\/prote_estiu02-696x522.jpg 696w, https:\/\/www.areabesos.com\/diario\/wp-content\/uploads\/2024\/07\/prote_estiu02-1068x801.jpg 1068w, https:\/\/www.areabesos.com\/diario\/wp-content\/uploads\/2024\/07\/prote_estiu02.jpg 1200w\" sizes=\"auto, (max-width: 1024px) 100vw, 1024px\" \/><\/figure>\n<\/figure>\n","protected":false},"excerpt":{"rendered":"<p>La Asociaci\u00f3n de Voluntarios de Protecci\u00f3n Civil de Sant Adri\u00e0 iniciaron ayer una campa\u00f1a preventiva por las altas temperaturas y los refugios clim\u00e1ticos en la ciudad con una carpa en la pla\u00e7a de la Vila a la que se acercaron varios ciudadanos. En los pr\u00f3ximos d\u00edas, continuar\u00e1n con la campa\u00f1a en todos los barrios de [&hellip;]<\/p>\n","protected":false},"author":1,"featured_media":7718,"comment_status":"closed","ping_status":"open","sticky":false,"template":"","format":"standard","meta":{"footnotes":""},"categories":[134],"tags":[],"class_list":{"0":"post-7717","1":"post","2":"type-post","3":"status-publish","4":"format-standard","5":"has-post-thumbnail","7":"category-actualitat"},"_links":{"self":[{"href":"https:\/\/www.areabesos.com\/diario\/wp-json\/wp\/v2\/posts\/7717","targetHints":{"allow":["GET"]}}],"collection":[{"href":"https:\/\/www.areabesos.com\/diario\/wp-json\/wp\/v2\/posts"}],"about":[{"href":"https:\/\/www.areabesos.com\/diario\/wp-json\/wp\/v2\/types\/post"}],"author":[{"embeddable":true,"href":"https:\/\/www.areabesos.com\/diario\/wp-json\/wp\/v2\/users\/1"}],"replies":[{"embeddable":true,"href":"https:\/\/www.areabesos.com\/diario\/wp-json\/wp\/v2\/comments?post=7717"}],"version-history":[{"count":2,"href":"https:\/\/www.areabesos.com\/diario\/wp-json\/wp\/v2\/posts\/7717\/revisions"}],"predecessor-version":[{"id":7727,"href":"https:\/\/www.areabesos.com\/diario\/wp-json\/wp\/v2\/posts\/7717\/revisions\/7727"}],"wp:featuredmedia":[{"embeddable":true,"href":"https:\/\/www.areabesos.com\/diario\/wp-json\/wp\/v2\/media\/7718"}],"wp:attachment":[{"href":"https:\/\/www.areabesos.com\/diario\/wp-json\/wp\/v2\/media?parent=7717"}],"wp:term":[{"taxonomy":"category","embeddable":true,"href":"https:\/\/www.areabesos.com\/diario\/wp-json\/wp\/v2\/categories?post=7717"},{"taxonomy":"post_tag","embeddable":true,"href":"https:\/\/www.areabesos.com\/diario\/wp-json\/wp\/v2\/tags?post=7717"}],"curies":[{"name":"wp","href":"https:\/\/api.w.org\/{rel}","templated":true}]}}