{"id":7714,"date":"2024-07-11T11:37:49","date_gmt":"2024-07-11T09:37:49","guid":{"rendered":"https:\/\/www.areabesos.com\/diario\/?p=7714"},"modified":"2024-07-12T11:46:26","modified_gmt":"2024-07-12T09:46:26","slug":"erc-sant-adria-demana-explicacions-per-la-instal%c2%b7lacio-duna-pantalla-per-la-final-de-leurocopa","status":"publish","type":"post","link":"https:\/\/www.areabesos.com\/diario\/erc-sant-adria-demana-explicacions-per-la-instal%c2%b7lacio-duna-pantalla-per-la-final-de-leurocopa\/","title":{"rendered":"ERC Sant Adri\u00e0 demana explicacions per la instal\u00b7laci\u00f3 d\u2019una pantalla per la final de l\u2019Eurocopa"},"content":{"rendered":"\n<p>En els darrers dies, l\u2019alcaldessa de Sant Adri\u00e0, Filo Ca\u00f1ete (PSC) ha prom\u00e8s per diverses vies que si la selecci\u00f3 espanyola arribava a la final de l&#8217;Eurocopa, Sant Adri\u00e0 de Bes\u00f2s disposaria d\u2019una pantalla gegant per fer el seguiment d\u2019aquesta instal\u00b7lada a la pla\u00e7a de la Vila.<\/p>\n\n\n\n<p>Els republicans han respost aquesta proposta entrant una pregunta per escrit a l\u2019equip de govern per saber quants diners de tots els adrianencs i adrianenques s\u2019han invertit en aquesta instal\u00b7laci\u00f3 i quin procediment han fet servir per fer un procediment tan r\u00e0pid. El grup municipal argumenta que hi ha equipaments com la de la piscina del poliesportiu Ricart, el club de tenis, el bar de les petanques o el poliesportiu Marina-Bes\u00f2s sense licitar de fa m\u00e9s de dos anys cadascun ells. En canvi, critiquen, que s\u2019hagin trobat els diners i una via r\u00e0pida per aconseguir una pantalla gegant.<\/p>\n\n\n\n<p>Tampoc tenen clar que es compleixin les garanties pel que fa a la seguretat i el manteniment del civisme at\u00e8s que segons les informacions que tenen, no hi ha previst ni lavabos port\u00e0tils ni un dispositiu especial de policia local per evitar aldarulls que es poguessin ocasionar.<br><br><strong>Una gesti\u00f3 esportiva molt millorable i un estiu m\u00e9s sense piscina descoberta<\/strong><\/p>\n\n\n\n<p>Fa mesos que ERC Sant Adri\u00e0 ha estat denunciant al ple les greus defici\u00e8ncies de la gesti\u00f3 esportiva de la ciutat. Equipaments que es troben en molt males condicions o directament tancats com s\u00f3n els casos dels poliesportius Marina-Bes\u00f2s i la piscina del Ricart, successivament.<\/p>\n\n\n\n<p>O la situaci\u00f3 del club de tenis, encara per resoldre, que sumat al fet que la platja del Litoral romandr\u00e0 tancada per quart estiu consecutiu fa que al marge esquerre no hi hagi cap espai d\u2019aigua descoberta on la ciutadania es pugui refrescar.<\/p>\n\n\n\n<p>En paraules de la regidora republicana Toni Hern\u00e1ndez: \u201c<em>Amb tots els diners que calen per millorar la situaci\u00f3 esportiva a Sant Adri\u00e0, no entenem, com es destina a quelcom que no \u00e9s urgent ni important per la nostra ciutat i que podria solucionar la situaci\u00f3 d\u2019alguns problemes enquistats de fa mesos.<\/em>\u201d<\/p>\n\n\n\n<p><strong>Una campanya en favor de les seleccions catalanes<\/strong><\/p>\n\n\n\n<p>Esquerra Republicana considera que la selecci\u00f3 espanyola de futbol es converteix en una eina que frena les aspiracions nacionals de Catalunya. Defensen un model on les seleccions catalanes puguin disputar competicions oficials i asseguren que aprofitaran per iniciar una campanya al respecte.<\/p>\n\n\n\n<p>Aquesta ser\u00e0 en favor que les seleccions catalanes tinguin reconeixement internacional i puguin participar de l\u2019Eurocopa d&#8217;aqu\u00ed a quatre anys, el mundial d\u2019aqu\u00ed dos i tamb\u00e9 dels Jocs Ol\u00edmpics que se celebraran el 2028 a Los Angeles. S\u2019espera con\u00e8ixer m\u00e9s sobre el seu desplegament les pr\u00f2ximes setmanes.<\/p>\n","protected":false},"excerpt":{"rendered":"<p>En els darrers dies, l\u2019alcaldessa de Sant Adri\u00e0, Filo Ca\u00f1ete (PSC) ha prom\u00e8s per diverses vies que si la selecci\u00f3 espanyola arribava a la final de l&#8217;Eurocopa, Sant Adri\u00e0 de Bes\u00f2s disposaria d\u2019una pantalla gegant per fer el seguiment d\u2019aquesta instal\u00b7lada a la pla\u00e7a de la Vila. Els republicans han respost aquesta proposta entrant una [&hellip;]<\/p>\n","protected":false},"author":2,"featured_media":7715,"comment_status":"closed","ping_status":"open","sticky":false,"template":"","format":"standard","meta":{"footnotes":""},"categories":[134],"tags":[],"class_list":{"0":"post-7714","1":"post","2":"type-post","3":"status-publish","4":"format-standard","5":"has-post-thumbnail","7":"category-actualitat"},"_links":{"self":[{"href":"https:\/\/www.areabesos.com\/diario\/wp-json\/wp\/v2\/posts\/7714","targetHints":{"allow":["GET"]}}],"collection":[{"href":"https:\/\/www.areabesos.com\/diario\/wp-json\/wp\/v2\/posts"}],"about":[{"href":"https:\/\/www.areabesos.com\/diario\/wp-json\/wp\/v2\/types\/post"}],"author":[{"embeddable":true,"href":"https:\/\/www.areabesos.com\/diario\/wp-json\/wp\/v2\/users\/2"}],"replies":[{"embeddable":true,"href":"https:\/\/www.areabesos.com\/diario\/wp-json\/wp\/v2\/comments?post=7714"}],"version-history":[{"count":1,"href":"https:\/\/www.areabesos.com\/diario\/wp-json\/wp\/v2\/posts\/7714\/revisions"}],"predecessor-version":[{"id":7716,"href":"https:\/\/www.areabesos.com\/diario\/wp-json\/wp\/v2\/posts\/7714\/revisions\/7716"}],"wp:featuredmedia":[{"embeddable":true,"href":"https:\/\/www.areabesos.com\/diario\/wp-json\/wp\/v2\/media\/7715"}],"wp:attachment":[{"href":"https:\/\/www.areabesos.com\/diario\/wp-json\/wp\/v2\/media?parent=7714"}],"wp:term":[{"taxonomy":"category","embeddable":true,"href":"https:\/\/www.areabesos.com\/diario\/wp-json\/wp\/v2\/categories?post=7714"},{"taxonomy":"post_tag","embeddable":true,"href":"https:\/\/www.areabesos.com\/diario\/wp-json\/wp\/v2\/tags?post=7714"}],"curies":[{"name":"wp","href":"https:\/\/api.w.org\/{rel}","templated":true}]}}