{"id":7711,"date":"2024-07-12T11:29:34","date_gmt":"2024-07-12T09:29:34","guid":{"rendered":"https:\/\/www.areabesos.com\/diario\/?p=7711"},"modified":"2024-07-12T11:29:35","modified_gmt":"2024-07-12T09:29:35","slug":"suport-municipal-als-col%c2%b7lectius-vulnerables","status":"publish","type":"post","link":"https:\/\/www.areabesos.com\/diario\/suport-municipal-als-col%c2%b7lectius-vulnerables\/","title":{"rendered":"Suport municipal als col\u00b7lectius vulnerables"},"content":{"rendered":"\n<p>L\u2019 Ajuntament de Sant Adri\u00e0 ha renovat el comprom\u00eds que mant\u00e9, des de fa anys, amb les entitats socials del territori mitjan\u00e7ant la formalitzaci\u00f3 de convenis de col\u00b7laboraci\u00f3, amb l&#8217;objectiu de millorar la qualitat de vida de les persones del municipi que m\u00e9s ho necessiten.<\/p>\n\n\n\n<p>Aquest mes de juliol s&#8217;han signat una bona part dels convenis per a l&#8217;any 2024 amb les entitats seg\u00fcents:<\/p>\n\n\n\n<p>A l\u2019<strong>Associaci\u00f3 de familiars de malalts d\u2019Alzheimer BSS (AFABSS)&nbsp;<\/strong>13.780 \u20ac per finan\u00e7ar els tallers estimulatius per a persones malaltes diagnosticades del municipi i la gesti\u00f3 psicol\u00f2gica i emocional de les fam\u00edlies que es duu a terme a trav\u00e9s del Grup d\u2019Ajuda M\u00fatua (GAM).<\/p>\n\n\n\n<p>A l\u2019<strong>Associaci\u00f3 Plataforma Autonomia Personal<\/strong>&nbsp;40.000 \u20ac per finan\u00e7ar el \u00abPrograma per l\u2019Autonomia Personal i la Vida Independent\u00bb. Aquest programa dona suport a les persones amb diversitat funcional en la selecci\u00f3, formaci\u00f3, gesti\u00f3 i contractaci\u00f3 dels seus assistents personals i en la gesti\u00f3 de les ajudes que els faciliti una vida independent fora de la unitat familiar o de la resid\u00e8ncia.<\/p>\n\n\n\n<p>A la&nbsp;<strong>Fundaci\u00f3 Formaci\u00f3 i Treball<\/strong>&nbsp;20.000 \u20ac per al projecte de lliuraments socials d\u2019articles de primera necessitat&nbsp;(roba, mobles, etc.)&nbsp;i per finan\u00e7ar les despeses de material de petites intervencions de reparaci\u00f3 i millora d\u2019habitatges de persones i fam\u00edlies sense recursos o en risc d\u2019exclusi\u00f3 social.<\/p>\n\n\n\n<p>A l\u2019<strong>Associaci\u00f3 Prodisminu\u00efts Ps\u00edquics Sant Adri\u00e0<\/strong>&nbsp;(ASSA)&nbsp;15.000&nbsp;\u20ac per a la gesti\u00f3 d\u2019activitats de dinamitzaci\u00f3 i lleure de persones amb discapacitat intel\u00b7lectual de la ciutat. L\u2019entitat treballa des de l\u2019any 1969 en el municipi per garantir a aquest col\u00b7lectiu una vida digna i amb els mateixos drets i deures que qualsevol altre ciutad\u00e0.<\/p>\n\n\n\n<p>A<strong>&nbsp;l\u2019Associaci\u00f3&nbsp;<\/strong><strong>Salesians Sant Jordi &#8211; PES Mina<\/strong>&nbsp;12.500\u20ac per a la gesti\u00f3 del servei matern infantil que t\u00e9 com a&nbsp;finalitat vetllar pel desenvolupament integral dels infants.&nbsp;Per fer-ho&nbsp;posa&nbsp;l\u2019&nbsp;accent en prevenir possibles situacions de risc&nbsp;i potenciar&nbsp;les capacitats de les mares perqu\u00e8 puguin exercir les seves funcions maternes millorant&nbsp;l&#8217;atenci\u00f3 dels&nbsp;infants.<\/p>\n\n\n\n<p>A&nbsp;<strong>l\u2019<\/strong><strong>e<\/strong><strong>ntitat ISOM SCCL<\/strong>,&nbsp;5.000\u20ac, per col\u00b7laborar amb la&nbsp;<strong>Fundaci\u00f3 Probitas<\/strong>&nbsp;i amb l\u2019Ajuntament de Sant Adri\u00e0, en la gesti\u00f3 del Programa RAI Estiu \u00abEstiu per a tothom\u00bb.&nbsp;Aquest programa&nbsp;consisteix&nbsp;en la creaci\u00f3 d\u2019un&nbsp;espai d\u2019oci educatiu mitjan\u00e7ant la realitzaci\u00f3 d\u2019un casal d&#8217;estiu durant el mes d\u2019agost per a infants i adolescents en situaci\u00f3 de risc per vulnerabilitat i exclusi\u00f3, derivats pels&nbsp;serveis socials municipal.<\/p>\n\n\n\n<p><strong>A la&nbsp;<\/strong><strong>P<\/strong><strong>lataforma unit\u00e0ria contra les viol\u00e8ncies de g\u00e8nere per al programa XAJI<\/strong>&nbsp;(Xarxa Activa de Joventut per a la Igualtat) 7.500 \u20ac per fer l\u2019acompanyament, dinamitzaci\u00f3 i formaci\u00f3 dels dos grups XAJI del municipi. Aquest projecte consisteix en formar persones joves per promoure la igualtat de g\u00e8nere, detectar relacions abusives en el seu entorn&nbsp;educatiu i convertir-les en referents i agents actius per a la resta de companys i companyes. Actualment hi ha xarxes XAJI a l\u2019IES Manuel V\u00e1zquez Montalb\u00e1n, a l\u2019Escola T\u00farbula i es preveu posar en marxa el programa a l\u2019Institut Escola la Mina el proper curs.<\/p>\n","protected":false},"excerpt":{"rendered":"<p>L\u2019 Ajuntament de Sant Adri\u00e0 ha renovat el comprom\u00eds que mant\u00e9, des de fa anys, amb les entitats socials del territori mitjan\u00e7ant la formalitzaci\u00f3 de convenis de col\u00b7laboraci\u00f3, amb l&#8217;objectiu de millorar la qualitat de vida de les persones del municipi que m\u00e9s ho necessiten. Aquest mes de juliol s&#8217;han signat una bona part dels [&hellip;]<\/p>\n","protected":false},"author":2,"featured_media":7712,"comment_status":"closed","ping_status":"open","sticky":false,"template":"","format":"standard","meta":{"footnotes":""},"categories":[135],"tags":[],"class_list":{"0":"post-7711","1":"post","2":"type-post","3":"status-publish","4":"format-standard","5":"has-post-thumbnail","7":"category-societat"},"_links":{"self":[{"href":"https:\/\/www.areabesos.com\/diario\/wp-json\/wp\/v2\/posts\/7711","targetHints":{"allow":["GET"]}}],"collection":[{"href":"https:\/\/www.areabesos.com\/diario\/wp-json\/wp\/v2\/posts"}],"about":[{"href":"https:\/\/www.areabesos.com\/diario\/wp-json\/wp\/v2\/types\/post"}],"author":[{"embeddable":true,"href":"https:\/\/www.areabesos.com\/diario\/wp-json\/wp\/v2\/users\/2"}],"replies":[{"embeddable":true,"href":"https:\/\/www.areabesos.com\/diario\/wp-json\/wp\/v2\/comments?post=7711"}],"version-history":[{"count":1,"href":"https:\/\/www.areabesos.com\/diario\/wp-json\/wp\/v2\/posts\/7711\/revisions"}],"predecessor-version":[{"id":7713,"href":"https:\/\/www.areabesos.com\/diario\/wp-json\/wp\/v2\/posts\/7711\/revisions\/7713"}],"wp:featuredmedia":[{"embeddable":true,"href":"https:\/\/www.areabesos.com\/diario\/wp-json\/wp\/v2\/media\/7712"}],"wp:attachment":[{"href":"https:\/\/www.areabesos.com\/diario\/wp-json\/wp\/v2\/media?parent=7711"}],"wp:term":[{"taxonomy":"category","embeddable":true,"href":"https:\/\/www.areabesos.com\/diario\/wp-json\/wp\/v2\/categories?post=7711"},{"taxonomy":"post_tag","embeddable":true,"href":"https:\/\/www.areabesos.com\/diario\/wp-json\/wp\/v2\/tags?post=7711"}],"curies":[{"name":"wp","href":"https:\/\/api.w.org\/{rel}","templated":true}]}}