{"id":7708,"date":"2024-07-09T13:30:51","date_gmt":"2024-07-09T11:30:51","guid":{"rendered":"https:\/\/www.areabesos.com\/diario\/?p=7708"},"modified":"2024-07-09T13:30:51","modified_gmt":"2024-07-09T11:30:51","slug":"retorn-del-pla-daccio-pel-foment-del-teixit-associatiu","status":"publish","type":"post","link":"https:\/\/www.areabesos.com\/diario\/retorn-del-pla-daccio-pel-foment-del-teixit-associatiu\/","title":{"rendered":"Retorn del Pla d\u2019Acci\u00f3 pel Foment del Teixit Associatiu"},"content":{"rendered":"\n<p>El passat dia 15 de juny,&nbsp;el servei de Participaci\u00f3 Ciutadana, va organitzar un&nbsp;acte de presentaci\u00f3 del Pla d\u2019Acci\u00f3 pel Foment del Teixit Associatiu,&nbsp;document que s\u2019ha elaborat de manera participativa amb les entitats del municipi i&nbsp;que ha de servir per l&#8217;impuls d&#8217;aquest sector durant els propers anys.<\/p>\n\n\n\n<p>Tamb\u00e9 es va convidar a t\u00e8cnics experts en assumptes clau per impulsar el treball en xarxa i intern:<\/p>\n\n\n\n<p>&#8211;&nbsp;<strong>Comunitat d\u2019Entitats SAB, potenciant la col\u00b7laboraci\u00f3 entre Associacions<\/strong>&nbsp;: Espai de treball en xarxa de les entitats del municipi.<\/p>\n\n\n\n<p>&#8211;&nbsp;<strong>Repte generacional: atraient i retenint nous voluntaris.<\/strong><\/p>\n\n\n\n<p><strong>&#8211; La import\u00e0ncia de la transformaci\u00f3 Digital per a la vida associativa.<\/strong><\/p>\n\n\n\n<p>Durant l\u2019acte, els&nbsp;diferents representants d\u2019entitats van&nbsp;poder&nbsp;compartir&nbsp;i debatre les seves experi\u00e8ncies amb els experts convidats, tot detectant aspectes positius i altres de millora&nbsp;tant en l&#8217;activitat de les associacions com de les pr\u00f2pies administracions.<\/p>\n\n\n\n<p>A la&nbsp;<a href=\"https:\/\/participa311-santadria.diba.cat\/processes\/PresentacioPlaAccio\" target=\"_blank\" rel=\"noreferrer noopener\">Plataforma Decidim per Sant Adri\u00e0<\/a>&nbsp;es pot consultar&nbsp;el contingut de totes les pon\u00e8ncies enregistrades en v\u00eddeo, aix\u00ed com l\u2019avaluaci\u00f3 de l\u2019acte.<\/p>\n","protected":false},"excerpt":{"rendered":"<p>El passat dia 15 de juny,&nbsp;el servei de Participaci\u00f3 Ciutadana, va organitzar un&nbsp;acte de presentaci\u00f3 del Pla d\u2019Acci\u00f3 pel Foment del Teixit Associatiu,&nbsp;document que s\u2019ha elaborat de manera participativa amb les entitats del municipi i&nbsp;que ha de servir per l&#8217;impuls d&#8217;aquest sector durant els propers anys. Tamb\u00e9 es va convidar a t\u00e8cnics experts en assumptes [&hellip;]<\/p>\n","protected":false},"author":2,"featured_media":7709,"comment_status":"closed","ping_status":"open","sticky":false,"template":"","format":"standard","meta":{"footnotes":""},"categories":[134],"tags":[],"class_list":{"0":"post-7708","1":"post","2":"type-post","3":"status-publish","4":"format-standard","5":"has-post-thumbnail","7":"category-actualitat"},"_links":{"self":[{"href":"https:\/\/www.areabesos.com\/diario\/wp-json\/wp\/v2\/posts\/7708","targetHints":{"allow":["GET"]}}],"collection":[{"href":"https:\/\/www.areabesos.com\/diario\/wp-json\/wp\/v2\/posts"}],"about":[{"href":"https:\/\/www.areabesos.com\/diario\/wp-json\/wp\/v2\/types\/post"}],"author":[{"embeddable":true,"href":"https:\/\/www.areabesos.com\/diario\/wp-json\/wp\/v2\/users\/2"}],"replies":[{"embeddable":true,"href":"https:\/\/www.areabesos.com\/diario\/wp-json\/wp\/v2\/comments?post=7708"}],"version-history":[{"count":1,"href":"https:\/\/www.areabesos.com\/diario\/wp-json\/wp\/v2\/posts\/7708\/revisions"}],"predecessor-version":[{"id":7710,"href":"https:\/\/www.areabesos.com\/diario\/wp-json\/wp\/v2\/posts\/7708\/revisions\/7710"}],"wp:featuredmedia":[{"embeddable":true,"href":"https:\/\/www.areabesos.com\/diario\/wp-json\/wp\/v2\/media\/7709"}],"wp:attachment":[{"href":"https:\/\/www.areabesos.com\/diario\/wp-json\/wp\/v2\/media?parent=7708"}],"wp:term":[{"taxonomy":"category","embeddable":true,"href":"https:\/\/www.areabesos.com\/diario\/wp-json\/wp\/v2\/categories?post=7708"},{"taxonomy":"post_tag","embeddable":true,"href":"https:\/\/www.areabesos.com\/diario\/wp-json\/wp\/v2\/tags?post=7708"}],"curies":[{"name":"wp","href":"https:\/\/api.w.org\/{rel}","templated":true}]}}