{"id":7705,"date":"2024-07-06T13:27:30","date_gmt":"2024-07-06T11:27:30","guid":{"rendered":"https:\/\/www.areabesos.com\/diario\/?p=7705"},"modified":"2024-07-09T13:28:32","modified_gmt":"2024-07-09T11:28:32","slug":"la-potra-de-sanchez-no-conoce-aliados-ni-adversarios","status":"publish","type":"post","link":"https:\/\/www.areabesos.com\/diario\/la-potra-de-sanchez-no-conoce-aliados-ni-adversarios\/","title":{"rendered":"La potra de S\u00e1nchez no conoce aliados ni adversarios"},"content":{"rendered":"\n<p>En mis tiempos se dec\u00eda \u201c\u00a1qu\u00e9 potra tienes, t\u00edo!\u201d y veo que la RAE lo respeta con \u201cbuena suerte\u201d, \u201cchiripa\u201d, \u201cchorra\u201d y otros parecidos.<\/p>\n\n\n\n<p>Tras triunfar con iniciativas trascendentales, adem\u00e1s de \u00fanicas y solo suyas, como lo fueron la reconquista del liderazgo del PSOE en 2017, la conquista en 2018 del Palacio de la Moncloa tras la \u00fanica moci\u00f3n de censura exitosa que recuerdan los siglos postfranquistas y, hace unos d\u00edas, el cruel pero leg\u00edtimo y legal ultim\u00e1tum a Feij\u00f3o para la renovaci\u00f3n de un CGPJ m\u00e1s que caducado, vemos hoy a S\u00e1nchez manejando un conflicto con m\u00e1s potencia por la unidad de Espa\u00f1a que si hubiera convocado un refer\u00e9ndum a cara o cruz sobre la independencia de Catalunya y el S\u00cd a seguir bajo el yugo de Madrid hubiera ganado por 9 a 1.<\/p>\n\n\n\n<p>Porque, evidentemente, lo que S\u00e1nchez no se plantea es si tal unidad es buena o mala para los espa\u00f1oles, sino seguir gobernando \u00e9l.<\/p>\n\n\n\n<p>Entonces, en qu\u00e9 quedamos, se\u00f1oras y se\u00f1ores espa\u00f1olistas de casi todas las derechas posibles, \u00bfacaso no opinan ustedes que, a cambio de asegurar la unidad de Espa\u00f1a, es l\u00edcito seguir gobernando a cualquier precio?<\/p>\n\n\n\n<p>\u201cS\u00ed\u201d, escucho que me responden desde un silencio avergonzado y cobarde. Incluso a cambio de otro 18 de julio (me llegan sus pensamientos), que por eso nunca hemos condenado demasiado el del 36, concluyen mir\u00e1ndose entre ellos.<\/p>\n\n\n\n<p>Disc\u00falpeme usted el regreso a este drama, inevitable cada vez que ellos, con sus malas ideas y peores modales, vuelven a romper lo poco que queda, unas fotos nada m\u00e1s, de las mismas v\u00edctimas del franquismo que asesinaron.<\/p>\n\n\n\n<p>Antes de entrar en los detalles de la \u00faltima osad\u00eda de S\u00e1nchez, que rima con amnist\u00eda, recordar\u00e9 a nuestro prota de hoy poniendo en X una carta para anunciar que se retiraba a reflexionar durante cinco d\u00edas tras recibir la noticia de que un juez tramitaba una demanda judicial contra su mujer, interpuesta por algunos de los franquistas habituales a base de recortes de prensa.<\/p>\n\n\n\n<p>Que \u00e9l concibiera esa acci\u00f3n como cebo o no es cosa suya, pero lo que s\u00ed consigui\u00f3 es que Feij\u00f3o y los suyos lo mordieran. Cosa de su potra, porque S\u00e1nchez no es tan adivino como para saber qu\u00e9 peces y cuantos van a picar.<\/p>\n\n\n\n<p>De lo de la carta, la prensa se hizo el mismo eco que si hubiera estallado una central nuclear, pero lo que sali\u00f3 casi nada fue que a Feij\u00f3o se le ocurri\u00f3 llamar a los afiliados del PP para que escribieran a S\u00e1nchez, con lo que consigui\u00f3 que compartieran el momento reflexivo con el marido de Bego\u00f1a. Y quien comparte algo con cualquiera, aunque solo sea una actitud, termina odi\u00e1ndolo menos.<\/p>\n\n\n\n<p>En fin, que si escribe usted en Internet \u201c1136\u201d y \u201cPP\u201d aparece la informaci\u00f3n, que yo solo quiero a\u00f1adir hoy que con esa acci\u00f3n se ha demostrado que Feij\u00f3o sabe menos que cualquiera de sabidur\u00eda popular. \u00bfA que usted ya ha pensado en aquello de que \u201cno hay mayor desprecio que no hacer aprecio\u201d?<\/p>\n\n\n\n<p>Otro que parece estar haciendo m\u00e9ritos para ser admitido en el \u201cpartido sanchista\u201d es Jos\u00e9 Luis Sanz, alcalde de Sevilla y del PP, pues acaba de concederle a Susana D\u00edaz el t\u00edtulo de Hija Predilecta de Triana. S\u00ed, es la misma Susana que en 2014 dijo aquello de \u201ceste chico no vale, pero nos vale\u201d y que despu\u00e9s pudo comparar ambas val\u00edas, la suya y la de \u00e9l, tras la fatal derrota que sufri\u00f3 en las primarias socialistas de la \u201creconquista\u201d a que me refer\u00eda al principio.<\/p>\n\n\n\n<p>Pero una cosa son los l\u00edderes y cargos p\u00fablicos de un partido como el PP, podrido hasta las entra\u00f1as tras d\u00e9cadas de corrupci\u00f3n, y otra los cientos de miles de independentistas catalanes que no quieren ni querr\u00e1n saber nada de Espa\u00f1a jam\u00e1s, tal como corresponde a una cultura propia y a dos historias tan enfrentadas.<\/p>\n\n\n\n<p>Por eso, conocedor o no de los obst\u00e1culos, con la amnist\u00eda est\u00e1 consiguiendo que los independentistas se suban al mismo carro de una causa con la que, aunque para \u00e9l sea perdonar y para Puigdemont reconocer que el Estado se equivoc\u00f3 al reprimir y condenar, se enfrentan al mismo enemigo a muerte, palabra que tambi\u00e9n rima con jueces, y disculpas por tanta m\u00fasica.<\/p>\n\n\n\n<p>Y pocas cosas neutralizan m\u00e1s al adversario, aunque sea independentista catal\u00e1n, que compartir con \u00e9l la misma trinchera desde la que defenderse contra un enemigo tan peligroso como el que representan unos jueces que, blindados con las togas, se dedican a hacer pol\u00edtica sin urnas. Es decir, casi como en las c\u00f3modas dictaduras.<\/p>\n\n\n\n<p>Solo le falta a S\u00e1nchez que la selecci\u00f3n gane la Eurocopa futbolera. En ese caso, m\u00e1s le valdr\u00e1 a Feij\u00f3o jubilarse o pedirle a Rueda que le haga un hueco en Galicia pues, a fin de cuentas, aquel no estar\u00eda en la Xunta si \u00e9l no hubiera intentado la Moncloa.<\/p>\n\n\n\n<p>\u00bfCu\u00e1ntas derrotas nos quedan por conocer de los adversarios de Pedro? \u00bfY cu\u00e1ntas de sus aliados?<\/p>\n\n\n\n<p>Seguiremos contemplando.<\/p>\n\n\n\n<p><span style=\"background-color:#090000\" class=\"td_text_highlight_marker\">Domingo Sanz<\/span><\/p>\n","protected":false},"excerpt":{"rendered":"<p>En mis tiempos se dec\u00eda \u201c\u00a1qu\u00e9 potra tienes, t\u00edo!\u201d y veo que la RAE lo respeta con \u201cbuena suerte\u201d, \u201cchiripa\u201d, \u201cchorra\u201d y otros parecidos. Tras triunfar con iniciativas trascendentales, adem\u00e1s de \u00fanicas y solo suyas, como lo fueron la reconquista del liderazgo del PSOE en 2017, la conquista en 2018 del Palacio de la Moncloa [&hellip;]<\/p>\n","protected":false},"author":2,"featured_media":7706,"comment_status":"closed","ping_status":"open","sticky":false,"template":"","format":"standard","meta":{"footnotes":""},"categories":[139],"tags":[],"class_list":{"0":"post-7705","1":"post","2":"type-post","3":"status-publish","4":"format-standard","5":"has-post-thumbnail","7":"category-opinio"},"_links":{"self":[{"href":"https:\/\/www.areabesos.com\/diario\/wp-json\/wp\/v2\/posts\/7705","targetHints":{"allow":["GET"]}}],"collection":[{"href":"https:\/\/www.areabesos.com\/diario\/wp-json\/wp\/v2\/posts"}],"about":[{"href":"https:\/\/www.areabesos.com\/diario\/wp-json\/wp\/v2\/types\/post"}],"author":[{"embeddable":true,"href":"https:\/\/www.areabesos.com\/diario\/wp-json\/wp\/v2\/users\/2"}],"replies":[{"embeddable":true,"href":"https:\/\/www.areabesos.com\/diario\/wp-json\/wp\/v2\/comments?post=7705"}],"version-history":[{"count":1,"href":"https:\/\/www.areabesos.com\/diario\/wp-json\/wp\/v2\/posts\/7705\/revisions"}],"predecessor-version":[{"id":7707,"href":"https:\/\/www.areabesos.com\/diario\/wp-json\/wp\/v2\/posts\/7705\/revisions\/7707"}],"wp:featuredmedia":[{"embeddable":true,"href":"https:\/\/www.areabesos.com\/diario\/wp-json\/wp\/v2\/media\/7706"}],"wp:attachment":[{"href":"https:\/\/www.areabesos.com\/diario\/wp-json\/wp\/v2\/media?parent=7705"}],"wp:term":[{"taxonomy":"category","embeddable":true,"href":"https:\/\/www.areabesos.com\/diario\/wp-json\/wp\/v2\/categories?post=7705"},{"taxonomy":"post_tag","embeddable":true,"href":"https:\/\/www.areabesos.com\/diario\/wp-json\/wp\/v2\/tags?post=7705"}],"curies":[{"name":"wp","href":"https:\/\/api.w.org\/{rel}","templated":true}]}}