{"id":7636,"date":"2024-06-25T11:55:29","date_gmt":"2024-06-25T09:55:29","guid":{"rendered":"https:\/\/www.areabesos.com\/diario\/?p=7636"},"modified":"2024-06-25T11:55:30","modified_gmt":"2024-06-25T09:55:30","slug":"el-mhic-acull-la-34-edicio-del-festival-de-cante-flamenco-de-la-mina","status":"publish","type":"post","link":"https:\/\/www.areabesos.com\/diario\/el-mhic-acull-la-34-edicio-del-festival-de-cante-flamenco-de-la-mina\/","title":{"rendered":"El MhiC acull la 34 edici\u00f3 del Festival de Cante Flamenco de La Mina"},"content":{"rendered":"\n<p>El Festival de Cante Flamenco de La Mina se celebrar\u00e0 enguany el proper 6 de juliol, a les 20 h, al Museu d\u2019Hist\u00f2ria de la Immigraci\u00f3 de Catalunya (ctra. De Matar\u00f3 124).<\/p>\n\n\n\n<p>Aquesta 34 edici\u00f3 ser\u00e0 un homenatge a la figura de Juan de la Vara, artista gitano del barri de La Mina. El cantant, de 96 anys, ha compartit escenari amb artistes de la talla de Camar\u00f3n de la Isla i Paco de Luc\u00eda, una traject\u00f2ria art\u00edstica excepcional que l\u2019ha convertit en un dels m\u00e0xims referents del flamenc a Catalunya.<\/p>\n\n\n\n<p>L\u2019entrada ser\u00e0 gratu\u00efta fins a completar l\u2019aforament.<\/p>\n","protected":false},"excerpt":{"rendered":"<p>El Festival de Cante Flamenco de La Mina se celebrar\u00e0 enguany el proper 6 de juliol, a les 20 h, al Museu d\u2019Hist\u00f2ria de la Immigraci\u00f3 de Catalunya (ctra. De Matar\u00f3 124). Aquesta 34 edici\u00f3 ser\u00e0 un homenatge a la figura de Juan de la Vara, artista gitano del barri de La Mina. El cantant, [&hellip;]<\/p>\n","protected":false},"author":2,"featured_media":7637,"comment_status":"closed","ping_status":"open","sticky":false,"template":"","format":"standard","meta":{"footnotes":""},"categories":[136],"tags":[],"class_list":{"0":"post-7636","1":"post","2":"type-post","3":"status-publish","4":"format-standard","5":"has-post-thumbnail","7":"category-cultura"},"_links":{"self":[{"href":"https:\/\/www.areabesos.com\/diario\/wp-json\/wp\/v2\/posts\/7636","targetHints":{"allow":["GET"]}}],"collection":[{"href":"https:\/\/www.areabesos.com\/diario\/wp-json\/wp\/v2\/posts"}],"about":[{"href":"https:\/\/www.areabesos.com\/diario\/wp-json\/wp\/v2\/types\/post"}],"author":[{"embeddable":true,"href":"https:\/\/www.areabesos.com\/diario\/wp-json\/wp\/v2\/users\/2"}],"replies":[{"embeddable":true,"href":"https:\/\/www.areabesos.com\/diario\/wp-json\/wp\/v2\/comments?post=7636"}],"version-history":[{"count":1,"href":"https:\/\/www.areabesos.com\/diario\/wp-json\/wp\/v2\/posts\/7636\/revisions"}],"predecessor-version":[{"id":7638,"href":"https:\/\/www.areabesos.com\/diario\/wp-json\/wp\/v2\/posts\/7636\/revisions\/7638"}],"wp:featuredmedia":[{"embeddable":true,"href":"https:\/\/www.areabesos.com\/diario\/wp-json\/wp\/v2\/media\/7637"}],"wp:attachment":[{"href":"https:\/\/www.areabesos.com\/diario\/wp-json\/wp\/v2\/media?parent=7636"}],"wp:term":[{"taxonomy":"category","embeddable":true,"href":"https:\/\/www.areabesos.com\/diario\/wp-json\/wp\/v2\/categories?post=7636"},{"taxonomy":"post_tag","embeddable":true,"href":"https:\/\/www.areabesos.com\/diario\/wp-json\/wp\/v2\/tags?post=7636"}],"curies":[{"name":"wp","href":"https:\/\/api.w.org\/{rel}","templated":true}]}}