{"id":7633,"date":"2024-06-21T11:38:31","date_gmt":"2024-06-21T09:38:31","guid":{"rendered":"https:\/\/www.areabesos.com\/diario\/?p=7633"},"modified":"2024-06-25T11:39:27","modified_gmt":"2024-06-25T09:39:27","slug":"l-ajuntament-de-sant-adria-i-la-sansi-donen-3-200-euros-de-la-recaptacio-de-la-setena-cursa-popular-per-lela-a-la-vall-dhebron-institut-de-recerca","status":"publish","type":"post","link":"https:\/\/www.areabesos.com\/diario\/l-ajuntament-de-sant-adria-i-la-sansi-donen-3-200-euros-de-la-recaptacio-de-la-setena-cursa-popular-per-lela-a-la-vall-dhebron-institut-de-recerca\/","title":{"rendered":"L\u2019 Ajuntament de Sant Adri\u00e0 i La Sansi donen 3.200 euros de la recaptaci\u00f3 de la setena Cursa popular per l\u2019ELA a la Vall d\u2019Hebron Institut de Recerca"},"content":{"rendered":"\n<p>Avui se celebra el Dia mundial de l\u2019Esclerosi Lateral Amiotr\u00f2fica, una jornada impulsada per l&#8217;Alian\u00e7a Internacional d&#8217;Associacions d&#8217;ELA\/MNM, per donar a con\u00e8ixer la malaltia i conscienciar de l\u2019impacte que suposa en la qualitat de vida de les persones afectades. La data escollida coincideix amb el solstici d&#8217;estiu amb l&#8217;objectiu d&#8217;esdevenir un punt d&#8217;inflexi\u00f3 en la cerca de la causa, el tractament i la cura de l&#8217;ELA.<\/p>\n\n\n\n<p>L\u2019ELA \u00e9s una malaltia del sistema nervi\u00f3s central caracteritzada per una degeneraci\u00f3 progressiva de les neurones motores (encarregades de controlar el moviment de la musculatura volunt\u00e0ria) a l&#8217;escor\u00e7a cerebral, tronc de l&#8217;enc\u00e8fal i medul\u00b7la. Aquestes neurones deixen progressivament de funcionar i moren, la qual cosa provoca debilitat i atr\u00f2fia muscular.<\/p>\n\n\n\n<p>L\u2019ELA afecta i modifica la vida de la persona malalta, per\u00f2 tamb\u00e9, i de manera molt significativa, la de l\u2019entorn familiar. No totes les fam\u00edlies responen igual davant l\u2019impacte psicol\u00f2gic i emocional que genera una malaltia d\u2019aquest tipus. Factors com la situaci\u00f3 econ\u00f2mica, les relacions afectives i els recursos interns i externs de qu\u00e8 disposa condicionen la seva actitud per fer front a la malaltia.<\/p>\n\n\n\n<p>Avui 21 de juny, coincidint amb el Dia mundial de l\u2019ELA, Filo Ca\u00f1ete, alcaldessa de Sant Adri\u00e0; Francisco Burgos, regidor d\u2019Esports, i Jos\u00e9 Lu\u00eds Blanco, de La Sansi, han donat el xec ben\u00e8fic de 3.200 euros de la recaptaci\u00f3 de la setena edici\u00f3 de la Cursa popular per l\u2019ELA, celebrada el passat 2 de juny, a Albert Salazar, gerent; Ra\u00fal Juntas, cap d\u2019unitat; i Jos\u00e9 Manuel Vidal, investigador del Vall d\u2019Hebron Institut de Recerca com a col.laboraci\u00f3 per a la investigaci\u00f3 d\u2019una cura de l\u2019ELA.<\/p>\n\n\n\n<p>Sant Adri\u00e0 celebra des de fa set anys la Cursa popular per l\u2019ELA organitzada per La Sansi i l\u2019Ajuntament de la ciutat. Part de la recaptaci\u00f3 de la carrera es destina organitzacions que treballen en la recerca de la malaltia i en millorar les condicions de vida dels afectats i les seves families. En les set edicions de la Cursa popular per l\u2019ELA s\u2019han recaptat m\u00e9s 23.000 euros que s\u2019han destinat a aquesta finalitat.<\/p>\n","protected":false},"excerpt":{"rendered":"<p>Avui se celebra el Dia mundial de l\u2019Esclerosi Lateral Amiotr\u00f2fica, una jornada impulsada per l&#8217;Alian\u00e7a Internacional d&#8217;Associacions d&#8217;ELA\/MNM, per donar a con\u00e8ixer la malaltia i conscienciar de l\u2019impacte que suposa en la qualitat de vida de les persones afectades. La data escollida coincideix amb el solstici d&#8217;estiu amb l&#8217;objectiu d&#8217;esdevenir un punt d&#8217;inflexi\u00f3 en la [&hellip;]<\/p>\n","protected":false},"author":2,"featured_media":7634,"comment_status":"closed","ping_status":"open","sticky":false,"template":"","format":"standard","meta":{"footnotes":""},"categories":[137,135],"tags":[],"class_list":{"0":"post-7633","1":"post","2":"type-post","3":"status-publish","4":"format-standard","5":"has-post-thumbnail","7":"category-esports","8":"category-societat"},"_links":{"self":[{"href":"https:\/\/www.areabesos.com\/diario\/wp-json\/wp\/v2\/posts\/7633","targetHints":{"allow":["GET"]}}],"collection":[{"href":"https:\/\/www.areabesos.com\/diario\/wp-json\/wp\/v2\/posts"}],"about":[{"href":"https:\/\/www.areabesos.com\/diario\/wp-json\/wp\/v2\/types\/post"}],"author":[{"embeddable":true,"href":"https:\/\/www.areabesos.com\/diario\/wp-json\/wp\/v2\/users\/2"}],"replies":[{"embeddable":true,"href":"https:\/\/www.areabesos.com\/diario\/wp-json\/wp\/v2\/comments?post=7633"}],"version-history":[{"count":1,"href":"https:\/\/www.areabesos.com\/diario\/wp-json\/wp\/v2\/posts\/7633\/revisions"}],"predecessor-version":[{"id":7635,"href":"https:\/\/www.areabesos.com\/diario\/wp-json\/wp\/v2\/posts\/7633\/revisions\/7635"}],"wp:featuredmedia":[{"embeddable":true,"href":"https:\/\/www.areabesos.com\/diario\/wp-json\/wp\/v2\/media\/7634"}],"wp:attachment":[{"href":"https:\/\/www.areabesos.com\/diario\/wp-json\/wp\/v2\/media?parent=7633"}],"wp:term":[{"taxonomy":"category","embeddable":true,"href":"https:\/\/www.areabesos.com\/diario\/wp-json\/wp\/v2\/categories?post=7633"},{"taxonomy":"post_tag","embeddable":true,"href":"https:\/\/www.areabesos.com\/diario\/wp-json\/wp\/v2\/tags?post=7633"}],"curies":[{"name":"wp","href":"https:\/\/api.w.org\/{rel}","templated":true}]}}