{"id":7630,"date":"2024-06-25T11:34:26","date_gmt":"2024-06-25T09:34:26","guid":{"rendered":"https:\/\/www.areabesos.com\/diario\/?p=7630"},"modified":"2024-06-25T11:34:26","modified_gmt":"2024-06-25T09:34:26","slug":"els-mossos-desquadra-detenen-un-home-que-va-provocar-un-incendi-a-santa-coloma-de-gramenet-on-van-calcinar-vuit-vehicles","status":"publish","type":"post","link":"https:\/\/www.areabesos.com\/diario\/els-mossos-desquadra-detenen-un-home-que-va-provocar-un-incendi-a-santa-coloma-de-gramenet-on-van-calcinar-vuit-vehicles\/","title":{"rendered":"Els Mossos d\u2019Esquadra detenen un home que va provocar un incendi a Santa Coloma de Gramenet on van calcinar vuit vehicles"},"content":{"rendered":"\n<p>Agents de la Policia de la Generalitat \u2013 Mossos d&#8217;Esquadra de la Unitat d\u2019Investigaci\u00f3 de Santa Coloma de Gramenet van detenir el passat dimarts un home, de 66 anys, com a presumpte autor d\u2019un delicte d\u2019incendi en un p\u00e0rquing comunitari de Santa Coloma de Gramenet on es van calcinar sis turismes i dues motocicletes.<\/p>\n\n\n\n<p>Els fets es remunten a la matinada del 9 de juny quan la Policia Local va detectar una columna de fum provinent de l\u2019interior d\u2019un p\u00e0rquing comunitari del carrer Sant Carles.<\/p>\n\n\n\n<p>Com a conseq\u00fc\u00e8ncia del foc van quedar calcinats sis turismes i dues motocicletes. A m\u00e9s, va provocar danys importants al recinte.<\/p>\n\n\n\n<p>La Unitat d\u2019Investigaci\u00f3 de Santa Coloma de Gramenet es va fer c\u00e0rrec del cas i, dimarts passat, van detenir a Barcelona un home, de 66 anys, com a presumpte autor dels fets.<\/p>\n\n\n\n<p>El detingut ha passat aquest mat\u00ed a disposici\u00f3 judicial davant del jutjat d\u2019instrucci\u00f3 en funcions de gu\u00e0rdia de Barcelona.<\/p>\n","protected":false},"excerpt":{"rendered":"<p>Agents de la Policia de la Generalitat \u2013 Mossos d&#8217;Esquadra de la Unitat d\u2019Investigaci\u00f3 de Santa Coloma de Gramenet van detenir el passat dimarts un home, de 66 anys, com a presumpte autor d\u2019un delicte d\u2019incendi en un p\u00e0rquing comunitari de Santa Coloma de Gramenet on es van calcinar sis turismes i dues motocicletes. Els [&hellip;]<\/p>\n","protected":false},"author":2,"featured_media":7631,"comment_status":"closed","ping_status":"open","sticky":false,"template":"","format":"standard","meta":{"footnotes":""},"categories":[142],"tags":[],"class_list":{"0":"post-7630","1":"post","2":"type-post","3":"status-publish","4":"format-standard","5":"has-post-thumbnail","7":"category-comarca"},"_links":{"self":[{"href":"https:\/\/www.areabesos.com\/diario\/wp-json\/wp\/v2\/posts\/7630","targetHints":{"allow":["GET"]}}],"collection":[{"href":"https:\/\/www.areabesos.com\/diario\/wp-json\/wp\/v2\/posts"}],"about":[{"href":"https:\/\/www.areabesos.com\/diario\/wp-json\/wp\/v2\/types\/post"}],"author":[{"embeddable":true,"href":"https:\/\/www.areabesos.com\/diario\/wp-json\/wp\/v2\/users\/2"}],"replies":[{"embeddable":true,"href":"https:\/\/www.areabesos.com\/diario\/wp-json\/wp\/v2\/comments?post=7630"}],"version-history":[{"count":1,"href":"https:\/\/www.areabesos.com\/diario\/wp-json\/wp\/v2\/posts\/7630\/revisions"}],"predecessor-version":[{"id":7632,"href":"https:\/\/www.areabesos.com\/diario\/wp-json\/wp\/v2\/posts\/7630\/revisions\/7632"}],"wp:featuredmedia":[{"embeddable":true,"href":"https:\/\/www.areabesos.com\/diario\/wp-json\/wp\/v2\/media\/7631"}],"wp:attachment":[{"href":"https:\/\/www.areabesos.com\/diario\/wp-json\/wp\/v2\/media?parent=7630"}],"wp:term":[{"taxonomy":"category","embeddable":true,"href":"https:\/\/www.areabesos.com\/diario\/wp-json\/wp\/v2\/categories?post=7630"},{"taxonomy":"post_tag","embeddable":true,"href":"https:\/\/www.areabesos.com\/diario\/wp-json\/wp\/v2\/tags?post=7630"}],"curies":[{"name":"wp","href":"https:\/\/api.w.org\/{rel}","templated":true}]}}