{"id":7623,"date":"2024-06-20T13:48:11","date_gmt":"2024-06-20T11:48:11","guid":{"rendered":"https:\/\/www.areabesos.com\/diario\/?p=7623"},"modified":"2024-06-20T13:48:11","modified_gmt":"2024-06-20T11:48:11","slug":"l-entrada-a-la-seu-de-les-tres-xemeneies-de-la-biennal-cultural-manifesta-sera-gratuita-per-a-la-ciutadania-de-sant-adria","status":"publish","type":"post","link":"https:\/\/www.areabesos.com\/diario\/l-entrada-a-la-seu-de-les-tres-xemeneies-de-la-biennal-cultural-manifesta-sera-gratuita-per-a-la-ciutadania-de-sant-adria\/","title":{"rendered":"L\u2019 entrada a la seu de les Tres Xemeneies de la biennal cultural Manifesta ser\u00e0 gratu\u00efta per a la ciutadania de Sant Adri\u00e0"},"content":{"rendered":"\n<p>Ja estan a la venda les entrades de la biennal cultural Manifesta,&nbsp;que&nbsp;<strong>se celebrar\u00e0 del 8 de setembre al 24 de novembre.&nbsp;<\/strong>Les Tres Xemeneies seran una de les seus principals de la biennal,&nbsp;un&nbsp;espai&nbsp;hist\u00f2ric&nbsp;i&nbsp;emblem\u00e0tic que s&#8217;obrir\u00e0 per primera vegada al p\u00fablic&nbsp;per&nbsp;acollir les propostes art\u00edstiques del cl\u00faster \u00abImaginant futurs\u00bb.<\/p>\n\n\n\n<p>El preu general de l&#8217;entrada \u00e9s de 15 \u20ac per\u00f2 els ciutadans i ciutadanes de Sant Adri\u00e0 podran accedir gratu\u00eftament amb una invitaci\u00f3 a la seu de les Tres Xemeneies. L\u2019\u00fanic requisit \u00e9s estar empadronat a Sant Adri\u00e0 de Bes\u00f2s i ser major de 18 anys, ja que els menors d\u2019edat tenen sempre acc\u00e9s gratu\u00eft.<\/p>\n\n\n\n<p>Tant l&#8217;entrada de pagament com la invitaci\u00f3 permetran l\u2019acc\u00e8s il\u00b7limitat a les activitats que es duguin a terme a les Tres Xemeneies durant tota la biennal, del 8 de setembre al 24 de novembre.<\/p>\n\n\n\n<h3 class=\"wp-block-heading\"><strong>Com aconseguir l&#8217;entrada gratu\u00efta?<\/strong><\/h3>\n\n\n\n<p>Les persones empadronades a Sant Adri\u00e0 podran aconseguir la invitaci\u00f3 gratu\u00efta seguint el passos seg\u00fcents:<\/p>\n\n\n\n<p>1. Accedir a&nbsp;<strong><a href=\"https:\/\/manifesta15.sant-adria.cat\/\" target=\"_blank\" rel=\"noreferrer noopener\">l&#8217; enlla\u00e7 habilitat<\/a><a href=\"https:\/\/manifesta15.sant-adria.cat\/\" target=\"_blank\" rel=\"noreferrer noopener\">&nbsp;a la web municipal<\/a>&nbsp;<\/strong>i introduir el DNI i la data de naixement. Un cop fet aix\u00f2, es generar\u00e0 un codi personal i intransferible.<\/p>\n\n\n\n<p>2.&nbsp;Introduir&nbsp;aquest codi a la&nbsp;<strong><a href=\"https:\/\/tickets.manifesta15.org\/mfmuslinkIII\/venda\/index.jsp?lang=1&amp;nom_cache=MANIFESTA&amp;property=TRESX&amp;grupActiv=5#close\">web de Manifesta<\/a><\/strong>&nbsp;per obtenir l&#8217;entrada gratu\u00efta que permetr\u00e0 accedir a les Tres Xemeneies.<\/p>\n\n\n\n<p><\/p>\n","protected":false},"excerpt":{"rendered":"<p>Ja estan a la venda les entrades de la biennal cultural Manifesta,&nbsp;que&nbsp;se celebrar\u00e0 del 8 de setembre al 24 de novembre.&nbsp;Les Tres Xemeneies seran una de les seus principals de la biennal,&nbsp;un&nbsp;espai&nbsp;hist\u00f2ric&nbsp;i&nbsp;emblem\u00e0tic que s&#8217;obrir\u00e0 per primera vegada al p\u00fablic&nbsp;per&nbsp;acollir les propostes art\u00edstiques del cl\u00faster \u00abImaginant futurs\u00bb. El preu general de l&#8217;entrada \u00e9s de 15 \u20ac [&hellip;]<\/p>\n","protected":false},"author":1,"featured_media":7624,"comment_status":"closed","ping_status":"open","sticky":false,"template":"","format":"standard","meta":{"footnotes":""},"categories":[136],"tags":[],"class_list":{"0":"post-7623","1":"post","2":"type-post","3":"status-publish","4":"format-standard","5":"has-post-thumbnail","7":"category-cultura"},"_links":{"self":[{"href":"https:\/\/www.areabesos.com\/diario\/wp-json\/wp\/v2\/posts\/7623","targetHints":{"allow":["GET"]}}],"collection":[{"href":"https:\/\/www.areabesos.com\/diario\/wp-json\/wp\/v2\/posts"}],"about":[{"href":"https:\/\/www.areabesos.com\/diario\/wp-json\/wp\/v2\/types\/post"}],"author":[{"embeddable":true,"href":"https:\/\/www.areabesos.com\/diario\/wp-json\/wp\/v2\/users\/1"}],"replies":[{"embeddable":true,"href":"https:\/\/www.areabesos.com\/diario\/wp-json\/wp\/v2\/comments?post=7623"}],"version-history":[{"count":1,"href":"https:\/\/www.areabesos.com\/diario\/wp-json\/wp\/v2\/posts\/7623\/revisions"}],"predecessor-version":[{"id":7625,"href":"https:\/\/www.areabesos.com\/diario\/wp-json\/wp\/v2\/posts\/7623\/revisions\/7625"}],"wp:featuredmedia":[{"embeddable":true,"href":"https:\/\/www.areabesos.com\/diario\/wp-json\/wp\/v2\/media\/7624"}],"wp:attachment":[{"href":"https:\/\/www.areabesos.com\/diario\/wp-json\/wp\/v2\/media?parent=7623"}],"wp:term":[{"taxonomy":"category","embeddable":true,"href":"https:\/\/www.areabesos.com\/diario\/wp-json\/wp\/v2\/categories?post=7623"},{"taxonomy":"post_tag","embeddable":true,"href":"https:\/\/www.areabesos.com\/diario\/wp-json\/wp\/v2\/tags?post=7623"}],"curies":[{"name":"wp","href":"https:\/\/api.w.org\/{rel}","templated":true}]}}