{"id":7592,"date":"2024-06-18T11:54:43","date_gmt":"2024-06-18T09:54:43","guid":{"rendered":"https:\/\/www.areabesos.com\/diario\/?p=7592"},"modified":"2024-06-18T11:54:43","modified_gmt":"2024-06-18T09:54:43","slug":"nou-horari-de-la-canguteca-durant-lestiu","status":"publish","type":"post","link":"https:\/\/www.areabesos.com\/diario\/nou-horari-de-la-canguteca-durant-lestiu\/","title":{"rendered":"Nou horari de la canguteca durant l&#8217;estiu"},"content":{"rendered":"\n<figure class=\"wp-block-table\"><table><tbody><tr><td>A partir del 25 de juny i fins el 6 de setembre la canguteca canvia d&#8217;horari.Aquest servei gratu\u00eft de canguratge per a infants de 3 a 12 anys&nbsp;estar\u00e0 obert&nbsp;<strong>de dilluns a divendres de 10 a 13h.<\/strong>Us recordem que l\u00bbobjectiu d&#8217;aquest servei \u00e9s afavorir la conciliaci\u00f3 de la vida laboral, familiar i personal de les fam\u00edlies oferint als infants de la ciutat&nbsp;un temps de lleure de qualitat en un espai amb jocs i activitats adaptades a les diferents edats i basades en els valors de la coeducaci\u00f3.Est\u00e0 ubicat al c. Santa Caterina 10-12 Baixos.<\/td><td><\/td><\/tr><\/tbody><\/table><\/figure>\n\n\n\n<figure class=\"wp-block-table\"><table><tbody><tr><td>Les fam\u00edlies interessades es poden donar d\u2019alta en aquest&nbsp;<a href=\"https:\/\/zonaprivada.ludikconcilia.com\/\" target=\"_blank\" rel=\"noreferrer noopener\">enlla\u00e7<\/a>&nbsp;o clicant aquest codi QREs podran&nbsp;reservar un m\u00e0xim de dos dies a la setmana per cada infant, en la franja hor\u00e0ria que es necessiti.<br>Per m\u00e9s informaci\u00f3, escriure a&nbsp;<a href=\"mailto:igualtat@sant-adria.net\"><strong>igualtat@sant-adria.net<\/strong><\/a>&nbsp;o trucar al&nbsp;623983740<\/td><\/tr><\/tbody><\/table><\/figure>\n","protected":false},"excerpt":{"rendered":"<p>A partir del 25 de juny i fins el 6 de setembre la canguteca canvia d&#8217;horari.Aquest servei gratu\u00eft de canguratge per a infants de 3 a 12 anys&nbsp;estar\u00e0 obert&nbsp;de dilluns a divendres de 10 a 13h.Us recordem que l\u00bbobjectiu d&#8217;aquest servei \u00e9s afavorir la conciliaci\u00f3 de la vida laboral, familiar i personal de les fam\u00edlies [&hellip;]<\/p>\n","protected":false},"author":2,"featured_media":7593,"comment_status":"closed","ping_status":"open","sticky":false,"template":"","format":"standard","meta":{"footnotes":""},"categories":[135],"tags":[],"class_list":{"0":"post-7592","1":"post","2":"type-post","3":"status-publish","4":"format-standard","5":"has-post-thumbnail","7":"category-societat"},"_links":{"self":[{"href":"https:\/\/www.areabesos.com\/diario\/wp-json\/wp\/v2\/posts\/7592","targetHints":{"allow":["GET"]}}],"collection":[{"href":"https:\/\/www.areabesos.com\/diario\/wp-json\/wp\/v2\/posts"}],"about":[{"href":"https:\/\/www.areabesos.com\/diario\/wp-json\/wp\/v2\/types\/post"}],"author":[{"embeddable":true,"href":"https:\/\/www.areabesos.com\/diario\/wp-json\/wp\/v2\/users\/2"}],"replies":[{"embeddable":true,"href":"https:\/\/www.areabesos.com\/diario\/wp-json\/wp\/v2\/comments?post=7592"}],"version-history":[{"count":1,"href":"https:\/\/www.areabesos.com\/diario\/wp-json\/wp\/v2\/posts\/7592\/revisions"}],"predecessor-version":[{"id":7594,"href":"https:\/\/www.areabesos.com\/diario\/wp-json\/wp\/v2\/posts\/7592\/revisions\/7594"}],"wp:featuredmedia":[{"embeddable":true,"href":"https:\/\/www.areabesos.com\/diario\/wp-json\/wp\/v2\/media\/7593"}],"wp:attachment":[{"href":"https:\/\/www.areabesos.com\/diario\/wp-json\/wp\/v2\/media?parent=7592"}],"wp:term":[{"taxonomy":"category","embeddable":true,"href":"https:\/\/www.areabesos.com\/diario\/wp-json\/wp\/v2\/categories?post=7592"},{"taxonomy":"post_tag","embeddable":true,"href":"https:\/\/www.areabesos.com\/diario\/wp-json\/wp\/v2\/tags?post=7592"}],"curies":[{"name":"wp","href":"https:\/\/api.w.org\/{rel}","templated":true}]}}