{"id":7586,"date":"2024-06-17T10:05:00","date_gmt":"2024-06-17T08:05:00","guid":{"rendered":"https:\/\/www.areabesos.com\/diario\/?p=7586"},"modified":"2024-06-17T12:08:43","modified_gmt":"2024-06-17T10:08:43","slug":"y-feijoo-caera-tambien-deslumbrado-por-sanchez","status":"publish","type":"post","link":"https:\/\/www.areabesos.com\/diario\/y-feijoo-caera-tambien-deslumbrado-por-sanchez\/","title":{"rendered":"Y Feij\u00f3o caer\u00e1, tambi\u00e9n deslumbrado por S\u00e1nchez"},"content":{"rendered":"\n<p>Paseo por Internet y no consigo encontrar ninguno de esos relojes marca \u00abDamocles\u00bb que van descontando el tiempo que falta para que ocurra algo importante, en este caso la fecha tope del 30 de junio que S\u00e1nchez le acaba de colocar en la frente a Feijoo para renovar el Consejo General del Poder Judicial seg\u00fan la ley, es un decir, porque pronto se cumplir\u00e1n seis a\u00f1os desde que finalizaron los cinco de mandato que ordena el 122.3 de una Constituci\u00f3n que despu\u00e9s, como tantas veces, tergiversaron con una ley inferior,&nbsp; la Org\u00e1nica del Poder Judicial, al colar la posibilidad de la pr\u00f3rroga, algo que expertos como Javier P\u00e9rez Royo consideran una \u201cmonstruosidad inexplicable en t\u00e9rminos constitucionales\u201d y que es \u201clo primero que habr\u00eda que corregir de cara al futuro\u201d.<\/p>\n\n\n\n<p>Abro par\u00e9ntesis para preguntarme si recuerdo el momento en el que desaparecieron los debates sobre si el PP hab\u00eda ganado las europeas, si el PSOE las hab\u00eda perdido, o si era al rev\u00e9s y, exacto, fue a partir del instante en el que S\u00e1nchez le dio el ultim\u00e1tum a Feijoo. \u00bfCabe alguna duda sobre quien ha salido de las urnas m\u00e1s seguro en s\u00ed mismo que antes?<\/p>\n\n\n\n<p>Regreso al reloj virtual del de la Espada m\u00e1s nombrada para proponer que incluya tambi\u00e9n las noticias que van apareciendo relacionadas con el plazo anunciado por S\u00e1nchez. Por ejemplo, la reacci\u00f3n inmediata del PP, de nuevo in\u00fatil, volviendo a proponer la mediaci\u00f3n de la Comisi\u00f3n Europea para un asunto tan espa\u00f1ol y solo espa\u00f1ol como lo es la renovaci\u00f3n del CGPJ, una intervenci\u00f3n exterior que ya fracas\u00f3 antes del 9 de junio.<\/p>\n\n\n\n<p>Pero esto no va de jueces que deciden como si tambi\u00e9n fueran \u201cpartes\u201d, casi siempre la misma, sino de un Feij\u00f3o que, aunque no s\u00e9 atrevi\u00f3 en la primera ocasion que tuvo, ha terminado cometiendo el error de cruzar sus pasos con los de un triunfador inevitable llamado S\u00e1nchez. Por tanto, merece la pena revisar algunos de los hechos que nos han tra\u00eddo hasta un presente que nadie habr\u00eda podido imaginar, pero los pol\u00edticos s\u00ed est\u00e1n obligados a recordar su pasado y el de sus adversarios.<\/p>\n\n\n\n<p>Por ejemplo, Feijoo no quiso liderar el PP en 2018. Fue en el congreso que a toda prisa organizaron para llenar el vac\u00edo de liderazgo tras la derrota de Rajoy en la moci\u00f3n de censura. Don Mariano se acababa de convertir en una de las primeras v\u00edctimas de S\u00e1nchez ajenas al PSOE, aunque lo \u00fanico que hizo Pedro fue rematarlo, pues desde el 3\/10\/2017 renqueaba herido de muerte por un Felipe VI que, aunque saliera por la tele disfrazado de civil, estaba cumpliendo m\u00e1s que nunca la funci\u00f3n de MASUFA que le reserva el 62.h de la Constituci\u00f3n.<\/p>\n\n\n\n<p>El caso es que Feijoo se neg\u00f3 a competir por la presidencia pepera, aunque hubiera ganado por aclamaci\u00f3n. Hoy, nadie con dos dedos de frente puede pensar que no quiso porque sab\u00eda que en abril de 2022 conquistar\u00eda G\u00e9nova 13 (una sede que estaba en venta) gracias a que en 2020 el mundo entero estar\u00eda luchando para sobrevivir a la pandemia y que los negocios sanitarios pero sucios del hermano de Ayuso ser\u00edan la tumba de un tal Pablo Casado.<\/p>\n\n\n\n<p>En cambio, lo que no pod\u00eda desconocer Feijoo en 2018 era que el mismo S\u00e1nchez al que hubiera tenido que enfrentarse ven\u00eda de derrotar a varios barones del PSOE, aliados con quienes a\u00fan segu\u00edan a Felipe Gonz\u00e1lez y que contaban con el apoyo impagable del Grupo PRISA (que qu\u00e9 mal perdedor nos ha salido Cebri\u00e1n). Si, los mismos que meses antes lo hab\u00edan sacado de Ferraz al negarle la posibilidad de negociar con cualquiera que no se llamara Rajoy o Rivera tras las elecciones del 20D de 2015, aquellas que por primera vez rompieron el bipartidismo PSOE\/PP que durante tantos a\u00f1os sirvi\u00f3 para asegurar felicidad corrupta y casi impune a ambos partidos.<\/p>\n\n\n\n<p>Terminar\u00e9 con tres reflexiones breves y una pregunta.<\/p>\n\n\n\n<p>Primera. Creo que el S\u00e1nchez de 2024 ha descubierto muchas m\u00e1s verdades decepcionantes de la pol\u00edtica espa\u00f1ola de las que se imaginaba&nbsp;cuando en 2014 conquist\u00f3 por primera vez el liderazgo del PSOE. A partir de ah\u00ed, lo que hace cada vez es buscar los apoyos que necesita en el Congreso para seguir gobernando porque, aunque los votos de los espa\u00f1oles no valgan lo mismo en las urnas, una vez que se han tergiversado seg\u00fan la LOREG para repartir el poder parlamentario, un esca\u00f1o s\u00ed vale lo mismo que otro esca\u00f1o.<\/p>\n\n\n\n<p>Segunda. Pensando en Susana D\u00edaz, Pablo Iglesias y Albert Rivera, por citar solo tres de los que han sufrido \u00abaccidentes\u00bb fatales tras ser deslumbrados por S\u00e1nchez, concluyo que el hoy presidente yerra como cualquiera, pero consigue que los errores que cometen sus adversarios sean mayores e irreparables. Quiz\u00e1s en esto consiste su suerte.<\/p>\n\n\n\n<p>Tercera. Recordando otros periodos inestables de la historia, no me cabe la menor duda de que entre la manera en que Felipe Gonz\u00e1lez consigui\u00f3 el poder en 1982, gracias a la dimisi\u00f3n de Su\u00e1rez forzada por las intrigas de Juan Carlos I con militares amigos y franquistas que desembocaron en el 23F, o la de querer seguir gobernando con la mentira m\u00e1s cruel tras los atentados del 11M, como hizo el PP de Aznar en 2004, prefiero mil veces a S\u00e1nchez y sus pactos con otros grupos parlamentarios.<\/p>\n\n\n\n<p>Muchas l\u00edneas rojas tendr\u00eda que atreverse a levantar el PP contra las ultraderechas, incluidas las rupturas en CC.AA. y ayuntamientos importantes, para que Feij\u00f3o pueda sobrevivir, y no&nbsp;creo que esto ocurra.&nbsp;<\/p>\n\n\n\n<p>Por tanto, la pregunta inevitable solo puede referirse al nombre y el t\u00edtulo del siguiente personaje condenado a perder contra S\u00e1nchez.<\/p>\n\n\n\n<p>Se trata de alguien que me hace pensar que organiza su agenda con demasiada autonom\u00eda y que cada vez que coincide con el presidente del Gobierno da la sensaci\u00f3n de que prefiere mirar&nbsp;hacia otro lado.<\/p>\n\n\n\n<p>Pero a\u00fan es pronto para insinuar su nombre y su condici\u00f3n.<\/p>\n\n\n\n<p><span style=\"background-color:#0f0101\" class=\"td_text_highlight_marker\">Domingo Sanz<\/span><\/p>\n","protected":false},"excerpt":{"rendered":"<p>Paseo por Internet y no consigo encontrar ninguno de esos relojes marca \u00abDamocles\u00bb que van descontando el tiempo que falta para que ocurra algo importante, en este caso la fecha tope del 30 de junio que S\u00e1nchez le acaba de colocar en la frente a Feijoo para renovar el Consejo General del Poder Judicial seg\u00fan [&hellip;]<\/p>\n","protected":false},"author":2,"featured_media":7587,"comment_status":"closed","ping_status":"open","sticky":false,"template":"","format":"standard","meta":{"footnotes":""},"categories":[139],"tags":[],"class_list":{"0":"post-7586","1":"post","2":"type-post","3":"status-publish","4":"format-standard","5":"has-post-thumbnail","7":"category-opinio"},"_links":{"self":[{"href":"https:\/\/www.areabesos.com\/diario\/wp-json\/wp\/v2\/posts\/7586","targetHints":{"allow":["GET"]}}],"collection":[{"href":"https:\/\/www.areabesos.com\/diario\/wp-json\/wp\/v2\/posts"}],"about":[{"href":"https:\/\/www.areabesos.com\/diario\/wp-json\/wp\/v2\/types\/post"}],"author":[{"embeddable":true,"href":"https:\/\/www.areabesos.com\/diario\/wp-json\/wp\/v2\/users\/2"}],"replies":[{"embeddable":true,"href":"https:\/\/www.areabesos.com\/diario\/wp-json\/wp\/v2\/comments?post=7586"}],"version-history":[{"count":1,"href":"https:\/\/www.areabesos.com\/diario\/wp-json\/wp\/v2\/posts\/7586\/revisions"}],"predecessor-version":[{"id":7588,"href":"https:\/\/www.areabesos.com\/diario\/wp-json\/wp\/v2\/posts\/7586\/revisions\/7588"}],"wp:featuredmedia":[{"embeddable":true,"href":"https:\/\/www.areabesos.com\/diario\/wp-json\/wp\/v2\/media\/7587"}],"wp:attachment":[{"href":"https:\/\/www.areabesos.com\/diario\/wp-json\/wp\/v2\/media?parent=7586"}],"wp:term":[{"taxonomy":"category","embeddable":true,"href":"https:\/\/www.areabesos.com\/diario\/wp-json\/wp\/v2\/categories?post=7586"},{"taxonomy":"post_tag","embeddable":true,"href":"https:\/\/www.areabesos.com\/diario\/wp-json\/wp\/v2\/tags?post=7586"}],"curies":[{"name":"wp","href":"https:\/\/api.w.org\/{rel}","templated":true}]}}