{"id":7579,"date":"2024-06-17T11:02:11","date_gmt":"2024-06-17T09:02:11","guid":{"rendered":"https:\/\/www.areabesos.com\/diario\/?p=7579"},"modified":"2024-06-17T11:02:31","modified_gmt":"2024-06-17T09:02:31","slug":"la-joven-actriz-adrianense-jana-seone-triunfa-con-la-serie-de-tv3-nudes","status":"publish","type":"post","link":"https:\/\/www.areabesos.com\/diario\/la-joven-actriz-adrianense-jana-seone-triunfa-con-la-serie-de-tv3-nudes\/","title":{"rendered":"La joven actriz adrianense Jana Seoane triunfa con la serie de TV3 \u00abNudes\u00bb"},"content":{"rendered":"\n<p>\u00abEl personaje de Bet me ha ense\u00f1ado a ser una amiga que apoya a los dem\u00e1s. Siempre estoy ah\u00ed para todos, pero ahora m\u00e1s, con las situaciones peligrosas que hay en internet\u00bb. Jana Seoane, actriz precoz de Sant Adri\u00e0 coprotagoniza la serie \u00abNude\u00bb, estrenada recientemente en TV3 y que aborda las consecuencias personales y legales de compartir im\u00e1genes de desnudos en internet, conoc\u00eda la realidad que trata la serie pero el trabajar en ella le ha hecho abrir m\u00e1s los ojos. \u00abYa hab\u00eda habido charlas en el cole sobre esto, pero siempre piensas que no es nada cercano. Ahora que lo he vivido m\u00e1s de cerca por la serie, me ha abierto los ojos y lo veo como algo m\u00e1s real. Me ha hecho sentir lo que sienten las v\u00edctimas, que no es nada bonito porque lo pasas muy mal. Me gustar\u00eda que pusieran la serie en el cole porque ser\u00eda una buena reflexi\u00f3n sobre este tema\u00bb. Jana, que estudia tercero de la ESO en el Colegio Sant Gabriel, se enamor\u00f3 de su personaje, la mejor amiga de una v\u00edctima de sexting. \u00abBet es muy diferente a m\u00ed, pero cuando hac\u00eda de Bet y me vest\u00eda y maquillaba como ella, me sent\u00eda Bet, y cambiaba much\u00edsimo, ya no era yo\u00bb. Eso es lo que m\u00e1s le gusta de actuar, el sentir \u00ablo que siente tu personaje y expresarte de otra manera\u00bb.<\/p>\n\n\n\n<figure class=\"wp-block-gallery has-nested-images columns-default is-cropped td-modal-on-gallery wp-block-gallery-1 is-layout-flex wp-block-gallery-is-layout-flex\">\n<figure class=\"wp-block-image size-large\"><img loading=\"lazy\" decoding=\"async\" width=\"1024\" height=\"815\" data-id=\"7580\" src=\"https:\/\/www.areabesos.com\/diario\/wp-content\/uploads\/2024\/06\/jana02-1024x815.jpg\" alt=\"\" class=\"wp-image-7580\" srcset=\"https:\/\/www.areabesos.com\/diario\/wp-content\/uploads\/2024\/06\/jana02-1024x815.jpg 1024w, https:\/\/www.areabesos.com\/diario\/wp-content\/uploads\/2024\/06\/jana02-300x239.jpg 300w, https:\/\/www.areabesos.com\/diario\/wp-content\/uploads\/2024\/06\/jana02-768x612.jpg 768w, https:\/\/www.areabesos.com\/diario\/wp-content\/uploads\/2024\/06\/jana02-150x119.jpg 150w, https:\/\/www.areabesos.com\/diario\/wp-content\/uploads\/2024\/06\/jana02-696x554.jpg 696w, https:\/\/www.areabesos.com\/diario\/wp-content\/uploads\/2024\/06\/jana02-1068x850.jpg 1068w, https:\/\/www.areabesos.com\/diario\/wp-content\/uploads\/2024\/06\/jana02.jpg 1080w\" sizes=\"auto, (max-width: 1024px) 100vw, 1024px\" \/><\/figure>\n\n\n\n<figure class=\"wp-block-image size-large\"><img loading=\"lazy\" decoding=\"async\" width=\"1024\" height=\"784\" data-id=\"7582\" src=\"https:\/\/www.areabesos.com\/diario\/wp-content\/uploads\/2024\/06\/jana03-1024x784.jpg\" alt=\"\" class=\"wp-image-7582\" srcset=\"https:\/\/www.areabesos.com\/diario\/wp-content\/uploads\/2024\/06\/jana03-1024x784.jpg 1024w, https:\/\/www.areabesos.com\/diario\/wp-content\/uploads\/2024\/06\/jana03-300x230.jpg 300w, https:\/\/www.areabesos.com\/diario\/wp-content\/uploads\/2024\/06\/jana03-768x588.jpg 768w, https:\/\/www.areabesos.com\/diario\/wp-content\/uploads\/2024\/06\/jana03-1536x1175.jpg 1536w, https:\/\/www.areabesos.com\/diario\/wp-content\/uploads\/2024\/06\/jana03-150x115.jpg 150w, https:\/\/www.areabesos.com\/diario\/wp-content\/uploads\/2024\/06\/jana03-696x533.jpg 696w, https:\/\/www.areabesos.com\/diario\/wp-content\/uploads\/2024\/06\/jana03-1068x817.jpg 1068w, https:\/\/www.areabesos.com\/diario\/wp-content\/uploads\/2024\/06\/jana03-1920x1469.jpg 1920w, https:\/\/www.areabesos.com\/diario\/wp-content\/uploads\/2024\/06\/jana03.jpg 2048w\" sizes=\"auto, (max-width: 1024px) 100vw, 1024px\" \/><\/figure>\n\n\n\n<figure class=\"wp-block-image size-large\"><img loading=\"lazy\" decoding=\"async\" width=\"683\" height=\"1024\" data-id=\"7581\" src=\"https:\/\/www.areabesos.com\/diario\/wp-content\/uploads\/2024\/06\/jana04-683x1024.jpg\" alt=\"\" class=\"wp-image-7581\" srcset=\"https:\/\/www.areabesos.com\/diario\/wp-content\/uploads\/2024\/06\/jana04-683x1024.jpg 683w, https:\/\/www.areabesos.com\/diario\/wp-content\/uploads\/2024\/06\/jana04-200x300.jpg 200w, https:\/\/www.areabesos.com\/diario\/wp-content\/uploads\/2024\/06\/jana04-768x1152.jpg 768w, https:\/\/www.areabesos.com\/diario\/wp-content\/uploads\/2024\/06\/jana04-150x225.jpg 150w, https:\/\/www.areabesos.com\/diario\/wp-content\/uploads\/2024\/06\/jana04-300x450.jpg 300w, https:\/\/www.areabesos.com\/diario\/wp-content\/uploads\/2024\/06\/jana04-696x1044.jpg 696w, https:\/\/www.areabesos.com\/diario\/wp-content\/uploads\/2024\/06\/jana04.jpg 800w\" sizes=\"auto, (max-width: 683px) 100vw, 683px\" \/><\/figure>\n<\/figure>\n\n\n\n<p>A sus 14 a\u00f1os, el personaje de Bet es el m\u00e1s importante de su carrera, pero no ha sido el \u00fanico. Ya ha participado en una pel\u00edcula, \u00abBirdbox Barcelona\u00bb, de Netflix, con Mario Casas, en cortos para la Escac o el Festival Subtravelling de TMB, y en diversos anuncios de televisi\u00f3n para Casa Tarradellas o Citroen. \u00abMe encantar\u00eda dedicarme a ser actriz, y tambi\u00e9n a algo relacionado con la m\u00fasica\u00bb, comenta Bet, que tambi\u00e9n toca el bajo, y un poco el piano y la guitarra. Adem\u00e1s de ser fan ac\u00e9rrima de Queen y del musical \u00abMamma m\u00eda\u00bb. Pero sobre todo, le gustan las pel\u00edculas de los a\u00f1os 80. \u00abMe encantan porque te hacen sentir como si estuvieras dentro de la pel\u00edcula. Me gusta mucho \u201cRocky\u201d, vives la pel\u00edcula como si estuvieran en el ring. Esos son mis referentes, los actores de los 80. Me encantan\u00bb.<\/p>\n\n\n\n<figure class=\"wp-block-embed is-type-video is-provider-youtube wp-block-embed-youtube wp-embed-aspect-16-9 wp-has-aspect-ratio\"><div class=\"wp-block-embed__wrapper\">\n<div class=\"youtube-embed\" data-video_id=\"t8jJJhpWjUk\"><iframe loading=\"lazy\" title=\"VIDEOBOOK JANA SEOANE\" width=\"696\" height=\"392\" src=\"https:\/\/www.youtube.com\/embed\/t8jJJhpWjUk?feature=oembed&#038;enablejsapi=1\" frameborder=\"0\" allow=\"accelerometer; autoplay; clipboard-write; encrypted-media; gyroscope; picture-in-picture; web-share\" referrerpolicy=\"strict-origin-when-cross-origin\" allowfullscreen><\/iframe><\/div>\n<\/div><\/figure>\n\n\n\n<p>Por ahora no puede adelantarnos pr\u00f3ximos proyectos porque est\u00e1 de castings. Y de repaso para los ex\u00e1menes finales, porque el rodaje de la serie en noviembre le quit\u00f3 muchas horas de clase. As\u00ed que toca repasar. \u00abMe cuestan mucho los n\u00fameros, pero me encantar\u00eda hacer un bachillerato de cine, de arte, porque se me da muy bien el arte, pintar, la m\u00fasica\u00bb.<\/p>\n\n\n\n<p>Cuando le decimos que si sigue as\u00ed puede ser un referente en el futuro para los adrianenses, llevar el nombre de la ciudad por el mundo, e incluso ser la pregonera en la Fiesta Mayor, nos reconoce que le encantar\u00eda. \u00abSer\u00eda muy guay\u00bb.<\/p>\n\n\n\n<p>Jana Seoane es Bet en la serie \u00abNude\u00bb, en los cap\u00edtulos 7, 8 y 9. La serie puede verse en la plataforma 3cat: <a href=\"https:\/\/www.ccma.cat\/3cat\/t1xc7\/video\/6282023\/\">Nudes &#8211; T1xC7 &#8211; Ada (part 1) &#8211; 3Cat (ccma.cat)<\/a><\/p>\n\n\n\n<p><\/p>\n\n\n\n<p>   <\/p>\n","protected":false},"excerpt":{"rendered":"<p>\u00abEl personaje de Bet me ha ense\u00f1ado a ser una amiga que apoya a los dem\u00e1s. Siempre estoy ah\u00ed para todos, pero ahora m\u00e1s, con las situaciones peligrosas que hay en internet\u00bb. Jana Seoane, actriz precoz de Sant Adri\u00e0 coprotagoniza la serie \u00abNude\u00bb, estrenada recientemente en TV3 y que aborda las consecuencias personales y legales [&hellip;]<\/p>\n","protected":false},"author":1,"featured_media":7583,"comment_status":"closed","ping_status":"open","sticky":false,"template":"","format":"standard","meta":{"footnotes":""},"categories":[136,138],"tags":[],"class_list":{"0":"post-7579","1":"post","2":"type-post","3":"status-publish","4":"format-standard","5":"has-post-thumbnail","7":"category-cultura","8":"category-entrevistes"},"_links":{"self":[{"href":"https:\/\/www.areabesos.com\/diario\/wp-json\/wp\/v2\/posts\/7579","targetHints":{"allow":["GET"]}}],"collection":[{"href":"https:\/\/www.areabesos.com\/diario\/wp-json\/wp\/v2\/posts"}],"about":[{"href":"https:\/\/www.areabesos.com\/diario\/wp-json\/wp\/v2\/types\/post"}],"author":[{"embeddable":true,"href":"https:\/\/www.areabesos.com\/diario\/wp-json\/wp\/v2\/users\/1"}],"replies":[{"embeddable":true,"href":"https:\/\/www.areabesos.com\/diario\/wp-json\/wp\/v2\/comments?post=7579"}],"version-history":[{"count":2,"href":"https:\/\/www.areabesos.com\/diario\/wp-json\/wp\/v2\/posts\/7579\/revisions"}],"predecessor-version":[{"id":7585,"href":"https:\/\/www.areabesos.com\/diario\/wp-json\/wp\/v2\/posts\/7579\/revisions\/7585"}],"wp:featuredmedia":[{"embeddable":true,"href":"https:\/\/www.areabesos.com\/diario\/wp-json\/wp\/v2\/media\/7583"}],"wp:attachment":[{"href":"https:\/\/www.areabesos.com\/diario\/wp-json\/wp\/v2\/media?parent=7579"}],"wp:term":[{"taxonomy":"category","embeddable":true,"href":"https:\/\/www.areabesos.com\/diario\/wp-json\/wp\/v2\/categories?post=7579"},{"taxonomy":"post_tag","embeddable":true,"href":"https:\/\/www.areabesos.com\/diario\/wp-json\/wp\/v2\/tags?post=7579"}],"curies":[{"name":"wp","href":"https:\/\/api.w.org\/{rel}","templated":true}]}}