{"id":7574,"date":"2024-06-12T12:41:42","date_gmt":"2024-06-12T10:41:42","guid":{"rendered":"https:\/\/www.areabesos.com\/diario\/?p=7574"},"modified":"2024-06-12T12:41:43","modified_gmt":"2024-06-12T10:41:43","slug":"projecte-col%c2%b7lectiu-de-teixir-ganxet","status":"publish","type":"post","link":"https:\/\/www.areabesos.com\/diario\/projecte-col%c2%b7lectiu-de-teixir-ganxet\/","title":{"rendered":"Projecte col\u00b7lectiu de teixir ganxet"},"content":{"rendered":"\n<p>El projecte&nbsp;<em><strong>Urchins&nbsp;<\/strong><\/em>de<strong>&nbsp;<a href=\"https:\/\/choishine.com\/about-choi-shine.html\" target=\"_blank\" rel=\"noreferrer noopener\">Jin Choi i Thomas Shine<\/a>&nbsp;<\/strong>s&#8217;instal\u00b7lar\u00e0 en Les Tres Xemeneies de Sant Adri\u00e0 de Bes\u00f2s i ser\u00e0 part dels m\u00e9s de 20 projectes art\u00edstics que es podran visitar en aquest espai patrimonial des del 8 de setembre,&nbsp;en el marc de<strong>&nbsp;<a href=\"https:\/\/manifesta15.org\/ca\" target=\"_blank\" rel=\"noreferrer noopener\">Manifesta 15 Barcelona Metropolitana<\/a>.<\/strong><\/p>\n\n\n\n<p>L&#8217;obra, una estructura de ferro i corda que s&#8217;inspira en l&#8217;esquelet d&#8217;un eri\u00e7\u00f3 de mar, fa homenatge al patrimoni t\u00e8xtil i pesquer, amb especial \u00e8mfasi en les lluites laborals i mediambientals de les dones.&nbsp;<em>Urchins&nbsp;<\/em>fomenta la reflexi\u00f3 sobre el restabliment de les connexions amb la mar per a les generacions futures.<\/p>\n\n\n\n<p>Aquesta obra ser\u00e0 teixida de manera col\u00b7lectiva&nbsp;i, per aix\u00f2, si voleu participar en aquest proc\u00e9s s\u2019organitzar\u00e0 una primera sessi\u00f3&nbsp;<strong>dissabte 15 de juny d&#8217;11.30 a 13.30 h a l&#8217;Espai Cultural Font de la Mina (c. Ponent, 21-25)<\/strong><\/p>\n\n\n\n<p><strong>L&#8217;\u00fanic requisit per participar \u00e9s saber teixir a ganxet, (nivell b\u00e0sic, mitj\u00e0 o avan\u00e7at) i comprometre&#8217;s a elaborar una o diverses peces de teixit.&nbsp;<\/strong>\u00c9s una&nbsp;<strong>activitat volunt\u00e0ria<\/strong>, que ser\u00e0 alhora un ric espai de trobada i aprenentatge per als qui participin.<\/p>\n\n\n\n<p>Aquest dia Choi+Shine comunicaran el concepte del projecte, patrons i t\u00e8cniques. Tamb\u00e9 ser\u00e0 un espai per a organitzar el treball col\u00b7lectiu.&nbsp;<strong>Cada persona pot participar segons el seu temps, motivaci\u00f3 i experi\u00e8ncia,&nbsp;<\/strong>portant a casa els materials que requereixi.<\/p>\n\n\n\n<p>Les persones que vulguin&nbsp;participar&nbsp;poden omplir&nbsp;<a href=\"https:\/\/forms.office.com\/e\/qTnH4r59Bu\" target=\"_blank\" rel=\"noreferrer noopener\">aquest formulari<\/a>,&nbsp;per tal de&nbsp;con\u00e8ixer m\u00e9s el&nbsp;seu&nbsp;perfil i a organitzar el treball<\/p>\n\n\n\n<p>Si&nbsp;teniu&nbsp;algun altre dubte,&nbsp;podeu&nbsp;escriure&#8217;ns a&nbsp;<a href=\"mailto:m15education@manifesta.org\">m15education@manifesta.org<\/a><\/p>\n","protected":false},"excerpt":{"rendered":"<p>El projecte&nbsp;Urchins&nbsp;de&nbsp;Jin Choi i Thomas Shine&nbsp;s&#8217;instal\u00b7lar\u00e0 en Les Tres Xemeneies de Sant Adri\u00e0 de Bes\u00f2s i ser\u00e0 part dels m\u00e9s de 20 projectes art\u00edstics que es podran visitar en aquest espai patrimonial des del 8 de setembre,&nbsp;en el marc de&nbsp;Manifesta 15 Barcelona Metropolitana. L&#8217;obra, una estructura de ferro i corda que s&#8217;inspira en l&#8217;esquelet d&#8217;un [&hellip;]<\/p>\n","protected":false},"author":2,"featured_media":7575,"comment_status":"closed","ping_status":"open","sticky":false,"template":"","format":"standard","meta":{"footnotes":""},"categories":[136],"tags":[],"class_list":{"0":"post-7574","1":"post","2":"type-post","3":"status-publish","4":"format-standard","5":"has-post-thumbnail","7":"category-cultura"},"_links":{"self":[{"href":"https:\/\/www.areabesos.com\/diario\/wp-json\/wp\/v2\/posts\/7574","targetHints":{"allow":["GET"]}}],"collection":[{"href":"https:\/\/www.areabesos.com\/diario\/wp-json\/wp\/v2\/posts"}],"about":[{"href":"https:\/\/www.areabesos.com\/diario\/wp-json\/wp\/v2\/types\/post"}],"author":[{"embeddable":true,"href":"https:\/\/www.areabesos.com\/diario\/wp-json\/wp\/v2\/users\/2"}],"replies":[{"embeddable":true,"href":"https:\/\/www.areabesos.com\/diario\/wp-json\/wp\/v2\/comments?post=7574"}],"version-history":[{"count":1,"href":"https:\/\/www.areabesos.com\/diario\/wp-json\/wp\/v2\/posts\/7574\/revisions"}],"predecessor-version":[{"id":7576,"href":"https:\/\/www.areabesos.com\/diario\/wp-json\/wp\/v2\/posts\/7574\/revisions\/7576"}],"wp:featuredmedia":[{"embeddable":true,"href":"https:\/\/www.areabesos.com\/diario\/wp-json\/wp\/v2\/media\/7575"}],"wp:attachment":[{"href":"https:\/\/www.areabesos.com\/diario\/wp-json\/wp\/v2\/media?parent=7574"}],"wp:term":[{"taxonomy":"category","embeddable":true,"href":"https:\/\/www.areabesos.com\/diario\/wp-json\/wp\/v2\/categories?post=7574"},{"taxonomy":"post_tag","embeddable":true,"href":"https:\/\/www.areabesos.com\/diario\/wp-json\/wp\/v2\/tags?post=7574"}],"curies":[{"name":"wp","href":"https:\/\/api.w.org\/{rel}","templated":true}]}}