{"id":7571,"date":"2024-06-12T12:35:01","date_gmt":"2024-06-12T10:35:01","guid":{"rendered":"https:\/\/www.areabesos.com\/diario\/?p=7571"},"modified":"2024-06-12T12:35:03","modified_gmt":"2024-06-12T10:35:03","slug":"lagrupacio-fotografica-inaugura-lexposicio-del-concurs-75-petxina-dargent","status":"publish","type":"post","link":"https:\/\/www.areabesos.com\/diario\/lagrupacio-fotografica-inaugura-lexposicio-del-concurs-75-petxina-dargent\/","title":{"rendered":"L&#8217;Agrupaci\u00f3 Fotogr\u00e0fica inaugura l&#8217;exposici\u00f3 del concurs 75 Petxina d&#8217;Argent"},"content":{"rendered":"\n<p>L&#8217;Agrupaci\u00f3 Fotogr\u00e0fica Sant Adri\u00e0 inaugura dem\u00e0 a la tarda l&#8217;exposici\u00f3 del concurs 75 Sal\u00f3 de fotografia Petxina d&#8217;Argent. Un acte que servir\u00e0 per lliurar els premis als guanyadors d&#8217;aquesta edici\u00f3. La inauguraci\u00f3 es dur\u00e0 a terme aquest dijous, 13 de juny, a partir de les 19.30 hores, i es podr\u00e0 visitar fins el 31 de juliol de dilluns a dijous de 18.30 a 20.30 hores.<\/p>\n","protected":false},"excerpt":{"rendered":"<p>L&#8217;Agrupaci\u00f3 Fotogr\u00e0fica Sant Adri\u00e0 inaugura dem\u00e0 a la tarda l&#8217;exposici\u00f3 del concurs 75 Sal\u00f3 de fotografia Petxina d&#8217;Argent. Un acte que servir\u00e0 per lliurar els premis als guanyadors d&#8217;aquesta edici\u00f3. La inauguraci\u00f3 es dur\u00e0 a terme aquest dijous, 13 de juny, a partir de les 19.30 hores, i es podr\u00e0 visitar fins el 31 de [&hellip;]<\/p>\n","protected":false},"author":2,"featured_media":7572,"comment_status":"closed","ping_status":"open","sticky":false,"template":"","format":"standard","meta":{"footnotes":""},"categories":[136],"tags":[],"class_list":{"0":"post-7571","1":"post","2":"type-post","3":"status-publish","4":"format-standard","5":"has-post-thumbnail","7":"category-cultura"},"_links":{"self":[{"href":"https:\/\/www.areabesos.com\/diario\/wp-json\/wp\/v2\/posts\/7571","targetHints":{"allow":["GET"]}}],"collection":[{"href":"https:\/\/www.areabesos.com\/diario\/wp-json\/wp\/v2\/posts"}],"about":[{"href":"https:\/\/www.areabesos.com\/diario\/wp-json\/wp\/v2\/types\/post"}],"author":[{"embeddable":true,"href":"https:\/\/www.areabesos.com\/diario\/wp-json\/wp\/v2\/users\/2"}],"replies":[{"embeddable":true,"href":"https:\/\/www.areabesos.com\/diario\/wp-json\/wp\/v2\/comments?post=7571"}],"version-history":[{"count":1,"href":"https:\/\/www.areabesos.com\/diario\/wp-json\/wp\/v2\/posts\/7571\/revisions"}],"predecessor-version":[{"id":7573,"href":"https:\/\/www.areabesos.com\/diario\/wp-json\/wp\/v2\/posts\/7571\/revisions\/7573"}],"wp:featuredmedia":[{"embeddable":true,"href":"https:\/\/www.areabesos.com\/diario\/wp-json\/wp\/v2\/media\/7572"}],"wp:attachment":[{"href":"https:\/\/www.areabesos.com\/diario\/wp-json\/wp\/v2\/media?parent=7571"}],"wp:term":[{"taxonomy":"category","embeddable":true,"href":"https:\/\/www.areabesos.com\/diario\/wp-json\/wp\/v2\/categories?post=7571"},{"taxonomy":"post_tag","embeddable":true,"href":"https:\/\/www.areabesos.com\/diario\/wp-json\/wp\/v2\/tags?post=7571"}],"curies":[{"name":"wp","href":"https:\/\/api.w.org\/{rel}","templated":true}]}}