{"id":7563,"date":"2024-06-05T10:49:13","date_gmt":"2024-06-05T08:49:13","guid":{"rendered":"https:\/\/www.areabesos.com\/diario\/?p=7563"},"modified":"2024-06-05T10:49:13","modified_gmt":"2024-06-05T08:49:13","slug":"audiencia-publica-sobre-la-situacio-actual-de-la-platja-del-litoral","status":"publish","type":"post","link":"https:\/\/www.areabesos.com\/diario\/audiencia-publica-sobre-la-situacio-actual-de-la-platja-del-litoral\/","title":{"rendered":"Audi\u00e8ncia p\u00fablica sobre la situaci\u00f3 actual de la Platja del Litoral"},"content":{"rendered":"\n<p>Per a donar m\u00e9s opci\u00f3 a la participaci\u00f3 de la ciutadania, s\u2019ha optat per un model h\u00edbrid, que combina tant la possibilitat de participar de manera digital com presencial.<\/p>\n\n\n\n<p>El format digital del proc\u00e9s es vehicular\u00e0 mitjan\u00e7ant la&nbsp;<a href=\"https:\/\/participa311-santadria.diba.cat\/processes\/PlatjadelLitoral?locale=ca\">Plataforma Decidim per Sant Adri\u00e0.<\/a><\/p>\n\n\n\n<p><a href=\"https:\/\/participa311-santadria.diba.cat\/processes\/PlatjadelLitoral?locale=ca\"><\/a>A partir del dia 3 i fins el dia 17 de juny, les persones interessades en assistir a l\u2019audi\u00e8ncia p\u00fablica presencial es podran<a href=\"https:\/\/participa311-santadria.diba.cat\/processes\/PlatjadelLitoral\/f\/5667\/meetings\/2736\">&nbsp;inscriure<\/a>&nbsp;des de la plataforma o trucant al tel\u00e8fon 933812004 (extensi\u00f3 1420) indicant nom i dades de contacte, l\u2019aforament de la sala \u00e9s limitat. Durant aquest termini, tamb\u00e9 es podran formular&nbsp;<a href=\"https:\/\/participa311-santadria.diba.cat\/processes\/PlatjadelLitoral\/f\/5619\/?locale=ca\">preguntes<\/a>.<\/p>\n\n\n\n<p>Durant la sessi\u00f3&nbsp;presencial&nbsp;l\u2019alcaldessa, Filo Ca\u00f1ete,&nbsp;donar\u00e0 la informaci\u00f3&nbsp;i respondr\u00e0&nbsp;a&nbsp;les preguntes que&nbsp;la ciutadania&nbsp;hagi enviat pr\u00e8viament.&nbsp;S\u2019obrir\u00e0 tamb\u00e9 un torn de preguntes que&nbsp;es recolliran per escrit a la mateixa sala&nbsp;i que hauran de versar sobre el contingut de l\u2019audi\u00e8ncia.<\/p>\n\n\n\n<p>Es podr\u00e0 visualitzar el v\u00eddeo de la sessi\u00f3 a partir del dia 21 de juny.<\/p>\n\n\n\n<p>Les preguntes formulades en format digital&nbsp;i&nbsp;les recollides a la sala es publicaran a la plataforma amb&nbsp;la indicaci\u00f3 del minut d\u2019emissi\u00f3 a on s\u2019ha donat&nbsp;resposta&nbsp;i es podran consultar a partir del dia 25 de juny.<\/p>\n","protected":false},"excerpt":{"rendered":"<p>Per a donar m\u00e9s opci\u00f3 a la participaci\u00f3 de la ciutadania, s\u2019ha optat per un model h\u00edbrid, que combina tant la possibilitat de participar de manera digital com presencial. El format digital del proc\u00e9s es vehicular\u00e0 mitjan\u00e7ant la&nbsp;Plataforma Decidim per Sant Adri\u00e0. A partir del dia 3 i fins el dia 17 de juny, les [&hellip;]<\/p>\n","protected":false},"author":2,"featured_media":7564,"comment_status":"closed","ping_status":"open","sticky":false,"template":"","format":"standard","meta":{"footnotes":""},"categories":[134],"tags":[],"class_list":{"0":"post-7563","1":"post","2":"type-post","3":"status-publish","4":"format-standard","5":"has-post-thumbnail","7":"category-actualitat"},"_links":{"self":[{"href":"https:\/\/www.areabesos.com\/diario\/wp-json\/wp\/v2\/posts\/7563","targetHints":{"allow":["GET"]}}],"collection":[{"href":"https:\/\/www.areabesos.com\/diario\/wp-json\/wp\/v2\/posts"}],"about":[{"href":"https:\/\/www.areabesos.com\/diario\/wp-json\/wp\/v2\/types\/post"}],"author":[{"embeddable":true,"href":"https:\/\/www.areabesos.com\/diario\/wp-json\/wp\/v2\/users\/2"}],"replies":[{"embeddable":true,"href":"https:\/\/www.areabesos.com\/diario\/wp-json\/wp\/v2\/comments?post=7563"}],"version-history":[{"count":1,"href":"https:\/\/www.areabesos.com\/diario\/wp-json\/wp\/v2\/posts\/7563\/revisions"}],"predecessor-version":[{"id":7565,"href":"https:\/\/www.areabesos.com\/diario\/wp-json\/wp\/v2\/posts\/7563\/revisions\/7565"}],"wp:featuredmedia":[{"embeddable":true,"href":"https:\/\/www.areabesos.com\/diario\/wp-json\/wp\/v2\/media\/7564"}],"wp:attachment":[{"href":"https:\/\/www.areabesos.com\/diario\/wp-json\/wp\/v2\/media?parent=7563"}],"wp:term":[{"taxonomy":"category","embeddable":true,"href":"https:\/\/www.areabesos.com\/diario\/wp-json\/wp\/v2\/categories?post=7563"},{"taxonomy":"post_tag","embeddable":true,"href":"https:\/\/www.areabesos.com\/diario\/wp-json\/wp\/v2\/tags?post=7563"}],"curies":[{"name":"wp","href":"https:\/\/api.w.org\/{rel}","templated":true}]}}