{"id":7559,"date":"2024-06-05T10:46:29","date_gmt":"2024-06-05T08:46:29","guid":{"rendered":"https:\/\/www.areabesos.com\/diario\/?p=7559"},"modified":"2024-06-05T10:46:29","modified_gmt":"2024-06-05T08:46:29","slug":"sant-adria-celebra-el-dia-mundial-del-medi-ambient","status":"publish","type":"post","link":"https:\/\/www.areabesos.com\/diario\/sant-adria-celebra-el-dia-mundial-del-medi-ambient\/","title":{"rendered":"Sant Adri\u00e0 celebra el Dia Mundial del Medi Ambient"},"content":{"rendered":"\n<p>El dia 5 de juny se celebra el dia Mundial del Medi Ambient, aquest any el lema \u00e9s Biodiversitat i Salut i per aquest moti farem una Jornada sobre la interelaci\u00f3 de la biodiversitat i la salut humana, amb un pon\u00e8ncies molt interessants.<\/p>\n\n\n\n<p>Durant dues setmanes hi hauran tot un seguit d&#8217;activitats de ci\u00e8ncia ciutadana a les que us convidem, campanyes per millorar la recollida selectiva&nbsp; i altres.&nbsp;<\/p>\n\n\n\n<p>Per a m\u00e9s informaci\u00f3 consulta el\u00a0<a href=\"https:\/\/www.sant-adria.cat\/sant-adria-per-temes\/medi-ambient\/DIPTICJORNADASAB.png\" target=\"_blank\" rel=\"noreferrer noopener\">programa d&#8217;activitats<\/a>:<\/p>\n\n\n\n<div><a href=\"https:\/\/www.areabesos.com\/diario\/wp-content\/uploads\/2024\/06\/DIPTIC-JORNADA-SAB-1024x724.jpg\" class=\"td-modal-image\"><figure class=\"wp-block-image size-large\"><img loading=\"lazy\" decoding=\"async\" width=\"1024\" height=\"724\" src=\"https:\/\/www.areabesos.com\/diario\/wp-content\/uploads\/2024\/06\/DIPTIC-JORNADA-SAB-1024x724.jpg\" alt=\"\" class=\"wp-image-7560\" srcset=\"https:\/\/www.areabesos.com\/diario\/wp-content\/uploads\/2024\/06\/DIPTIC-JORNADA-SAB-1024x724.jpg 1024w, https:\/\/www.areabesos.com\/diario\/wp-content\/uploads\/2024\/06\/DIPTIC-JORNADA-SAB-300x212.jpg 300w, https:\/\/www.areabesos.com\/diario\/wp-content\/uploads\/2024\/06\/DIPTIC-JORNADA-SAB-768x543.jpg 768w, https:\/\/www.areabesos.com\/diario\/wp-content\/uploads\/2024\/06\/DIPTIC-JORNADA-SAB-150x106.jpg 150w, https:\/\/www.areabesos.com\/diario\/wp-content\/uploads\/2024\/06\/DIPTIC-JORNADA-SAB-696x492.jpg 696w, https:\/\/www.areabesos.com\/diario\/wp-content\/uploads\/2024\/06\/DIPTIC-JORNADA-SAB-1068x755.jpg 1068w, https:\/\/www.areabesos.com\/diario\/wp-content\/uploads\/2024\/06\/DIPTIC-JORNADA-SAB.jpg 1200w\" sizes=\"auto, (max-width: 1024px) 100vw, 1024px\" \/><\/figure><\/a><\/div>\n","protected":false},"excerpt":{"rendered":"<p>El dia 5 de juny se celebra el dia Mundial del Medi Ambient, aquest any el lema \u00e9s Biodiversitat i Salut i per aquest moti farem una Jornada sobre la interelaci\u00f3 de la biodiversitat i la salut humana, amb un pon\u00e8ncies molt interessants. Durant dues setmanes hi hauran tot un seguit d&#8217;activitats de ci\u00e8ncia ciutadana [&hellip;]<\/p>\n","protected":false},"author":2,"featured_media":7561,"comment_status":"closed","ping_status":"open","sticky":false,"template":"","format":"standard","meta":{"footnotes":""},"categories":[135],"tags":[],"class_list":{"0":"post-7559","1":"post","2":"type-post","3":"status-publish","4":"format-standard","5":"has-post-thumbnail","7":"category-societat"},"_links":{"self":[{"href":"https:\/\/www.areabesos.com\/diario\/wp-json\/wp\/v2\/posts\/7559","targetHints":{"allow":["GET"]}}],"collection":[{"href":"https:\/\/www.areabesos.com\/diario\/wp-json\/wp\/v2\/posts"}],"about":[{"href":"https:\/\/www.areabesos.com\/diario\/wp-json\/wp\/v2\/types\/post"}],"author":[{"embeddable":true,"href":"https:\/\/www.areabesos.com\/diario\/wp-json\/wp\/v2\/users\/2"}],"replies":[{"embeddable":true,"href":"https:\/\/www.areabesos.com\/diario\/wp-json\/wp\/v2\/comments?post=7559"}],"version-history":[{"count":1,"href":"https:\/\/www.areabesos.com\/diario\/wp-json\/wp\/v2\/posts\/7559\/revisions"}],"predecessor-version":[{"id":7562,"href":"https:\/\/www.areabesos.com\/diario\/wp-json\/wp\/v2\/posts\/7559\/revisions\/7562"}],"wp:featuredmedia":[{"embeddable":true,"href":"https:\/\/www.areabesos.com\/diario\/wp-json\/wp\/v2\/media\/7561"}],"wp:attachment":[{"href":"https:\/\/www.areabesos.com\/diario\/wp-json\/wp\/v2\/media?parent=7559"}],"wp:term":[{"taxonomy":"category","embeddable":true,"href":"https:\/\/www.areabesos.com\/diario\/wp-json\/wp\/v2\/categories?post=7559"},{"taxonomy":"post_tag","embeddable":true,"href":"https:\/\/www.areabesos.com\/diario\/wp-json\/wp\/v2\/tags?post=7559"}],"curies":[{"name":"wp","href":"https:\/\/api.w.org\/{rel}","templated":true}]}}