{"id":7400,"date":"2024-05-06T14:21:27","date_gmt":"2024-05-06T12:21:27","guid":{"rendered":"https:\/\/www.areabesos.com\/diario\/?p=7400"},"modified":"2024-05-09T14:24:07","modified_gmt":"2024-05-09T12:24:07","slug":"creu-roja-aten-mes-de-10-200-persones-al-barcelones-nord-durant-lany-2023","status":"publish","type":"post","link":"https:\/\/www.areabesos.com\/diario\/creu-roja-aten-mes-de-10-200-persones-al-barcelones-nord-durant-lany-2023\/","title":{"rendered":"Creu Roja at\u00e9n m\u00e9s de 10.200 persones al Barcelon\u00e8s Nord durant l\u2019any 2023\u00a0"},"content":{"rendered":"\n<p>L\u2019any 2023 ha estat marcat pels conflictes armats i desastres naturals com el terratr\u00e8mol del Marroc, que han requerit de l\u2019actuaci\u00f3 de Creu Roja a nivell internacional per donar suport i atenci\u00f3 a les v\u00edctimes i persones despla\u00e7ades com a conseq\u00fc\u00e8ncia. A nivell local, des de Creu Roja al Barcelon\u00e8s Nord s\u2019ha donat suport en la difusi\u00f3 de campanyes d\u2019ajuda internacional, i s\u2019ha seguit treballant de forma molt propera amb les persones en situaci\u00f3 vulnerable del territori a trav\u00e9s de diferents projectes d\u2019intervenci\u00f3.&nbsp;<\/p>\n\n\n\n<p>Des de l\u2019<strong>\u00e0mbit d\u2019atenci\u00f3 a la Gent Gran<\/strong> s\u2019han at\u00e8s <strong>803 persones<\/strong> per acompanyar-les en un envelliment m\u00e9s actiu i saludable, i lluitar contra la soledat no volguda fent xarxa amb altres entitats i recursos del territori. El n\u00famero de sol\u00b7licituds per participar en el programes de Gent Gran continua creixent any rere any, aix\u00ed com el total d\u2019intervencions realitzades.&nbsp;<\/p>\n\n\n\n<p>Des de l\u2019\u00e0mbit d\u2019ocupaci\u00f3 destaca el <strong>Club de Feina,<\/strong> projecte on s\u2019han at\u00e8s, des de mitjans d\u2019any, <strong>112 persones<\/strong>, donant suport sobre tot a les persones que no disposen de perm\u00eds de feina. En aquest espai, els i les participants reben assessorament i disposen d\u2019ordinadors i acc\u00e9s a internet per preparar el seu CV, a m\u00e9s de participar en tallers i formacions relacionades amb la cerca de feina.&nbsp;&nbsp;<\/p>\n\n\n\n<p>Per a les persones que s\u00ed disposen del perm\u00eds, <strong>des dels programes d\u2019inserci\u00f3 laboral<\/strong> s\u2019han at\u00e8s <strong>308 participants<\/strong> que han realitzat diversos cursos al llarg de l\u2019any amb pr\u00e0ctiques en empreses. A trav\u00e9s d\u2019aquests programes, es vol donar acc\u00e9s al mercat laboral a persones en situaci\u00f3 vulnerable, i el resultat ha estat una <strong>taxa d\u2019inserci\u00f3 de m\u00e9s de la meitat dels participants (un 55%).<\/strong>&nbsp;<\/p>\n\n\n\n<p>Des dels programes de <strong>suport a la Inf\u00e0ncia s&#8217;han at\u00e8s 1.480 infants<\/strong> a trav\u00e9s d\u2019iniciatives com la Joguina Educativa (m\u00e9s de 600 infants van rebre joguines). A trav\u00e9s del <strong>Projecte d\u2019\u00c8xit Escolar 61 infants i joves<\/strong> de 6 a 16 anys han trobat un espai de lleure, de refor\u00e7 educatiu i de berenar diverses tardes a la setmana, en coordinaci\u00f3 amb els Serveis Socials de Santa Coloma de Gramenet.&nbsp;&nbsp;<\/p>\n\n\n\n<p>Seguint amb aquest \u00e0mbit d\u2019intervenci\u00f3, pel servei <strong>d\u2019Inf\u00e0ncia Hospitalitzada<\/strong> que l\u2019entitat desenvolupa a l\u2019Hospital Germans Trias i Pujol han passat <strong>m\u00e9s de 1.100 infants<\/strong>. Com a novetat, des de mitjans de 2023 aquest programa es desenvolupa no nom\u00e9s a la planta d\u2019ingressos de pediatria, sin\u00f3 tamb\u00e9 en les consultes externes, oferint cada mat\u00ed activitats i tallers per amenitzar l\u2019espera dels infants i les seves fam\u00edlies fins que arriba el seu torn de visita m\u00e8dica.&nbsp;&nbsp;&nbsp;<\/p>\n\n\n\n<p><strong>La millora socioambiental <\/strong>\u00e9s un objectiu cada cop m\u00e9s important dins la tasca de Creu Roja. Des de l\u2019assemblea del Barcelon\u00e8s Nord&nbsp; es realitzen peri\u00f2dicament tallers sobre efici\u00e8ncia energ\u00e8tica, s\u2019ofereix informaci\u00f3 sobre el Bo Social i altres ajudes, entre d\u2019altres accions concretes, per pal\u00b7liar les situacions cada cop m\u00e9s comuns de vulnerabilitat energ\u00e8tica en qu\u00e8 es troben moltes fam\u00edlies. En total <strong>111 persones<\/strong> han estat ateses des del programa de <strong>Vulnerabilitat Energ\u00e8tica<\/strong>.&nbsp;<\/p>\n\n\n\n<p>La base per poder seguir desenvolupant tota aquesta tasca \u00e9s el voluntariat. Un total de <strong>449 persones volunt\u00e0ries<\/strong> han format part de la fam\u00edlia de Creu Roja al Barcelon\u00e8s Nord al llarg de l\u2019any 2023. Tamb\u00e9 \u00e9s molt important el paper de les persones s\u00f2cies, aix\u00ed com de les empreses i entitats col\u00b7laboradores del territori, que donen suport a l\u2019organitzaci\u00f3 en el finan\u00e7ament dels seus projectes per estar cada cop m\u00e9s a prop de les persones que ho necessiten.&nbsp;<\/p>\n","protected":false},"excerpt":{"rendered":"<p>L\u2019any 2023 ha estat marcat pels conflictes armats i desastres naturals com el terratr\u00e8mol del Marroc, que han requerit de l\u2019actuaci\u00f3 de Creu Roja a nivell internacional per donar suport i atenci\u00f3 a les v\u00edctimes i persones despla\u00e7ades com a conseq\u00fc\u00e8ncia. A nivell local, des de Creu Roja al Barcelon\u00e8s Nord s\u2019ha donat suport en [&hellip;]<\/p>\n","protected":false},"author":2,"featured_media":7401,"comment_status":"closed","ping_status":"open","sticky":false,"template":"","format":"standard","meta":{"footnotes":""},"categories":[135],"tags":[],"class_list":{"0":"post-7400","1":"post","2":"type-post","3":"status-publish","4":"format-standard","5":"has-post-thumbnail","7":"category-societat"},"_links":{"self":[{"href":"https:\/\/www.areabesos.com\/diario\/wp-json\/wp\/v2\/posts\/7400","targetHints":{"allow":["GET"]}}],"collection":[{"href":"https:\/\/www.areabesos.com\/diario\/wp-json\/wp\/v2\/posts"}],"about":[{"href":"https:\/\/www.areabesos.com\/diario\/wp-json\/wp\/v2\/types\/post"}],"author":[{"embeddable":true,"href":"https:\/\/www.areabesos.com\/diario\/wp-json\/wp\/v2\/users\/2"}],"replies":[{"embeddable":true,"href":"https:\/\/www.areabesos.com\/diario\/wp-json\/wp\/v2\/comments?post=7400"}],"version-history":[{"count":1,"href":"https:\/\/www.areabesos.com\/diario\/wp-json\/wp\/v2\/posts\/7400\/revisions"}],"predecessor-version":[{"id":7402,"href":"https:\/\/www.areabesos.com\/diario\/wp-json\/wp\/v2\/posts\/7400\/revisions\/7402"}],"wp:featuredmedia":[{"embeddable":true,"href":"https:\/\/www.areabesos.com\/diario\/wp-json\/wp\/v2\/media\/7401"}],"wp:attachment":[{"href":"https:\/\/www.areabesos.com\/diario\/wp-json\/wp\/v2\/media?parent=7400"}],"wp:term":[{"taxonomy":"category","embeddable":true,"href":"https:\/\/www.areabesos.com\/diario\/wp-json\/wp\/v2\/categories?post=7400"},{"taxonomy":"post_tag","embeddable":true,"href":"https:\/\/www.areabesos.com\/diario\/wp-json\/wp\/v2\/tags?post=7400"}],"curies":[{"name":"wp","href":"https:\/\/api.w.org\/{rel}","templated":true}]}}