{"id":7318,"date":"2024-04-16T12:19:34","date_gmt":"2024-04-16T10:19:34","guid":{"rendered":"https:\/\/www.areabesos.com\/diario\/?p=7318"},"modified":"2024-04-16T12:19:34","modified_gmt":"2024-04-16T10:19:34","slug":"junts-per-catalunya-presenta-a-sant-adria-els-seus-plans-contra-la-sequera","status":"publish","type":"post","link":"https:\/\/www.areabesos.com\/diario\/junts-per-catalunya-presenta-a-sant-adria-els-seus-plans-contra-la-sequera\/","title":{"rendered":"Junts per Catalunya presenta a Sant Adri\u00e0 els seus plans contra la sequera"},"content":{"rendered":"\n<p>Ahir dimarts 15 d\u2019abril Junts per Catalunya va organitzar a la Biblioteca una sessi\u00f3 informativa per tractar el fenomen de sequera extrema que pateix Catalunya i presentar solucions a curt i llarg termini.<\/p>\n\n\n\n<p>Isidre Sierra, coordinador de Junts a l\u2019Autoritat Metropolitana de Barcelona, candidat a les properes eleccions al Parlament i alcalde de Sant Climent de Llobregat, va exposar als assistents la proposta de pol\u00edtica de Junts per Catalunya, una proposta que dibuixa un pa\u00eds en xarxa i aposta de manera clara per la regeneraci\u00f3 i dessalinitzaci\u00f3, pensant en els tres consumidors principals: ciutadania, agricultura i ramaderia i industria.<\/p>\n\n\n\n<p>Sierra va recalcar que la ciutadania ha fet i est\u00e0 fent els deures i que Junts \u00e9s partidari de subvencionar als Ajuntaments per a fer les obres i accions necess\u00e0ries per a reduir el consum i aturar p\u00e8rdues, i no, en canvi, per sancionar-los.<\/p>\n\n\n\n<p>\u00c0ngel Gil, president local de Junts, va aprofitar l\u2019acte per a recalcar que cal pensar el pa\u00eds pels propers 10 i 20 anys i fugir del curterminisme, tamb\u00e9 en la pol\u00edtica h\u00eddrica. Gil tamb\u00e9 va assenyalar que per a dur a terme aquesta pol\u00edtica de llarg termini cal un lideratge ferm i que posi al davant la sobirania de Catalunya.<\/p>\n","protected":false},"excerpt":{"rendered":"<p>Ahir dimarts 15 d\u2019abril Junts per Catalunya va organitzar a la Biblioteca una sessi\u00f3 informativa per tractar el fenomen de sequera extrema que pateix Catalunya i presentar solucions a curt i llarg termini. Isidre Sierra, coordinador de Junts a l\u2019Autoritat Metropolitana de Barcelona, candidat a les properes eleccions al Parlament i alcalde de Sant Climent [&hellip;]<\/p>\n","protected":false},"author":2,"featured_media":7319,"comment_status":"closed","ping_status":"open","sticky":false,"template":"","format":"standard","meta":{"footnotes":""},"categories":[134],"tags":[],"class_list":{"0":"post-7318","1":"post","2":"type-post","3":"status-publish","4":"format-standard","5":"has-post-thumbnail","7":"category-actualitat"},"_links":{"self":[{"href":"https:\/\/www.areabesos.com\/diario\/wp-json\/wp\/v2\/posts\/7318","targetHints":{"allow":["GET"]}}],"collection":[{"href":"https:\/\/www.areabesos.com\/diario\/wp-json\/wp\/v2\/posts"}],"about":[{"href":"https:\/\/www.areabesos.com\/diario\/wp-json\/wp\/v2\/types\/post"}],"author":[{"embeddable":true,"href":"https:\/\/www.areabesos.com\/diario\/wp-json\/wp\/v2\/users\/2"}],"replies":[{"embeddable":true,"href":"https:\/\/www.areabesos.com\/diario\/wp-json\/wp\/v2\/comments?post=7318"}],"version-history":[{"count":1,"href":"https:\/\/www.areabesos.com\/diario\/wp-json\/wp\/v2\/posts\/7318\/revisions"}],"predecessor-version":[{"id":7320,"href":"https:\/\/www.areabesos.com\/diario\/wp-json\/wp\/v2\/posts\/7318\/revisions\/7320"}],"wp:featuredmedia":[{"embeddable":true,"href":"https:\/\/www.areabesos.com\/diario\/wp-json\/wp\/v2\/media\/7319"}],"wp:attachment":[{"href":"https:\/\/www.areabesos.com\/diario\/wp-json\/wp\/v2\/media?parent=7318"}],"wp:term":[{"taxonomy":"category","embeddable":true,"href":"https:\/\/www.areabesos.com\/diario\/wp-json\/wp\/v2\/categories?post=7318"},{"taxonomy":"post_tag","embeddable":true,"href":"https:\/\/www.areabesos.com\/diario\/wp-json\/wp\/v2\/tags?post=7318"}],"curies":[{"name":"wp","href":"https:\/\/api.w.org\/{rel}","templated":true}]}}