{"id":7315,"date":"2024-04-13T16:25:32","date_gmt":"2024-04-13T14:25:32","guid":{"rendered":"https:\/\/www.areabesos.com\/diario\/?p=7315"},"modified":"2024-04-15T16:27:52","modified_gmt":"2024-04-15T14:27:52","slug":"puigdemont-y-junqueras-estan-europeizando-espana","status":"publish","type":"post","link":"https:\/\/www.areabesos.com\/diario\/puigdemont-y-junqueras-estan-europeizando-espana\/","title":{"rendered":"Puigdemont y Junqueras est\u00e1n europeizando Espa\u00f1a"},"content":{"rendered":"\n<p>\u00bfRecuerda usted cuando en 2017 los espa\u00f1olistas del PP, del PSOE y otros amenazaban a Catalunya con la salida de la UE si romp\u00eda con Espa\u00f1a?<\/p>\n\n\n\n<p>Lo primero que me ha venido a la cabeza son aquellos cuatro viajes en tren desde Madrid a Francia con mi madre y mis hermanos, y ya se puede usted imaginar a qui\u00e9n \u00edbamos a visitar durante los a\u00f1os 50 en un pa\u00eds que acogi\u00f3 a tantos exiliados. Pero era parar en Barcelona y sentir que aquel ambiente se parec\u00eda mucho m\u00e1s al del lugar donde viv\u00edan mis abuelos que a esa capital de Espa\u00f1a donde viv\u00edamos nosotros. Sensaciones a flor de piel porque, como cualquier ni\u00f1o, yo no ten\u00eda ni idea de nada.<\/p>\n\n\n\n<p>Despu\u00e9s he recordado el antifranquismo en el Madrid de los primeros a\u00f1os 70, cuando cualquier noticia de la misma lucha pol\u00edtica que tuviera lugar en \u00abprovincias\u00bb, incluida Catalunya, me parec\u00eda irrelevante en comparaci\u00f3n con lo que hac\u00edamos en la capital.<\/p>\n\n\n\n<p>En cambio, ahora que lo pienso, nada hicimos que sirviera para ganar de verdad, pues aquel asesino y culpable de la muerte de cientos de miles de inocentes lleg\u00f3 vivo hasta su \u00faltima cama y nosotros no sab\u00edamos c\u00f3mo, pero s\u00ed que est\u00e1bamos seguros de que jam\u00e1s un franquismo que se pareciera demasiado a la dictadura podr\u00eda continuar sin \u00e9l.<\/p>\n\n\n\n<p>No saber c\u00f3mo ocurrir\u00eda, pero saber que ocurrir\u00eda, hizo que nos confi\u00e1ramos, lo que nos confundi\u00f3 y provoc\u00f3 una confusi\u00f3n general que aprovecharon quienes despu\u00e9s consiguieron el poder pol\u00edtico, aunque con elecciones, para mantener atado y bien atado lo que de verdad \u00e9l quiso atar.<\/p>\n\n\n\n<p>Regreso de nuevo al refer\u00e9ndum celebrado el 1 de octubre de 2017 y a ese \u201cpeligro\u201d de que Catalunya, si rompe con Espa\u00f1a, se convierta en algo parecido a Suiza, pero mejorada con la Costa Brava y otras playas, y recuerdo que fueron momentos en los que nadie pod\u00eda estar seguro de que, sin previo aviso, alg\u00fan pa\u00eds reconociera una Rep\u00fablica de Catalunya que si solo permaneci\u00f3 vigente durante 18 segundos de tiempo parlamentario fue, probablemente, porque no le lleg\u00f3 ninguna se\u00f1al favorable desde el exterior.<\/p>\n\n\n\n<p>\u00danicamente, que sepamos, hubo aquella llamada de Merkel a Rajoy para decirle que estaba harta de ver polic\u00edas aporreando votantes y que, quiz\u00e1s, s\u00ed sirvi\u00f3 para evitar alguna desgracia personal mucho m\u00e1s grave que ese infarto que dos a\u00f1os despu\u00e9s sufri\u00f3 un turista en el Aeropuerto de Barcelona y que un juez llamado Garc\u00eda Castell\u00f3n pretende usar para acusar de terrorismo a unos manifestantes y, si colara, tambi\u00e9n a Puigdemont.<\/p>\n\n\n\n<p>Todos estos recuerdos vienen a cuento del informe que el 11 de abril ha presentado ante el TJUE Maciel A. Szpunar, abogado general de ese tribunal europeo.<\/p>\n\n\n\n<p>Se trata de un texto demoledor en el que demuestra que Puigdemont era eurodiputado de pleno derecho desde el mismo d\u00eda de la proclamaci\u00f3n de los resultados de las elecciones europeas de 2019 y que, por tanto, no estaba obligado a jurar la Constituci\u00f3n Espa\u00f1ola, por mucho que el art\u00edculo 224.2 de la LOREG diga que \u201c<em>En el plazo de cinco d\u00edas desde su proclamaci\u00f3n, los candidatos electos deber\u00e1n jurar o prometer acatamiento a la Constituci\u00f3n ante la Junta Electoral Central. Transcurrido dicho plazo la Junta Electoral Central declarar\u00e1 vacantes los esca\u00f1os correspondientes a los Diputados del Parlamento Europeo que no hubieran acatado la Constituci\u00f3n y suspendidas todas las prerrogativas que les pudieran corresponder por raz\u00f3n de su cargo, todo ello hasta que se produzca dicho acatamiento<\/em>\u201d.<\/p>\n\n\n\n<p>Es muy probable que el TJUE asuma los argumentos de su abogado general pues en diciembre de 2019 ya sentenci\u00f3 en este sentido a favor de Oriol Junqueras, qui\u00e9n tampoco jur\u00f3 la Constituci\u00f3n. Pero \u00e9l no pudo ejercer por estar en la c\u00e1rcel.<\/p>\n\n\n\n<p>Ahora no me viene un recuerdo, sino una pregunta. \u00bfQu\u00e9 cree usted que es m\u00e1s europeo para que un europarlamentario elegido en las urnas pueda ejercer su labor, jurar una norma legal de un pa\u00eds miembro de la UE o no tener que hacerlo? &nbsp;&nbsp;<\/p>\n\n\n\n<p>Y la pregunta es pertinente porque, aunque en 2019 S\u00e1nchez ya estaba en Moncloa, su gobierno ignor\u00f3 esa sentencia europea e inapelable y no suprimi\u00f3 un art\u00edculo tan antieuropeo como el 224.2 de la LOREG para intentar mantenerlo contra Puigdemont.<\/p>\n\n\n\n<p>Conclusi\u00f3n: llegar\u00e1 un nuevo varapalo desde la Justicia europea por intentar chantajear a Puigdemont con la jura o promesa de la Constituci\u00f3n, como si no se pudiera estar en desacuerdo con esa norma y tener derecho a competir en las elecciones porque, si consigues el esca\u00f1o, tendr\u00e1s que jurarla, aunque sea en falso.<\/p>\n\n\n\n<p>No puedo evitar que regresen, de nuevo, los recuerdos, y esta vez son las juras de los Principios del Movimiento durante la dictadura franquista.<\/p>\n\n\n\n<p>Observo cualquier espa\u00f1olismo y solo veo obst\u00e1culos, trampas y amenazas en cualquier contexto y siempre contra el disfrute de las libertades y la democracia.<\/p>\n\n\n\n<p><span style=\"background-color:#070000\" class=\"td_text_highlight_marker\">Domingo Sanz<\/span><\/p>\n","protected":false},"excerpt":{"rendered":"<p>\u00bfRecuerda usted cuando en 2017 los espa\u00f1olistas del PP, del PSOE y otros amenazaban a Catalunya con la salida de la UE si romp\u00eda con Espa\u00f1a? Lo primero que me ha venido a la cabeza son aquellos cuatro viajes en tren desde Madrid a Francia con mi madre y mis hermanos, y ya se puede [&hellip;]<\/p>\n","protected":false},"author":2,"featured_media":7316,"comment_status":"closed","ping_status":"open","sticky":false,"template":"","format":"standard","meta":{"footnotes":""},"categories":[139],"tags":[],"class_list":{"0":"post-7315","1":"post","2":"type-post","3":"status-publish","4":"format-standard","5":"has-post-thumbnail","7":"category-opinio"},"_links":{"self":[{"href":"https:\/\/www.areabesos.com\/diario\/wp-json\/wp\/v2\/posts\/7315","targetHints":{"allow":["GET"]}}],"collection":[{"href":"https:\/\/www.areabesos.com\/diario\/wp-json\/wp\/v2\/posts"}],"about":[{"href":"https:\/\/www.areabesos.com\/diario\/wp-json\/wp\/v2\/types\/post"}],"author":[{"embeddable":true,"href":"https:\/\/www.areabesos.com\/diario\/wp-json\/wp\/v2\/users\/2"}],"replies":[{"embeddable":true,"href":"https:\/\/www.areabesos.com\/diario\/wp-json\/wp\/v2\/comments?post=7315"}],"version-history":[{"count":1,"href":"https:\/\/www.areabesos.com\/diario\/wp-json\/wp\/v2\/posts\/7315\/revisions"}],"predecessor-version":[{"id":7317,"href":"https:\/\/www.areabesos.com\/diario\/wp-json\/wp\/v2\/posts\/7315\/revisions\/7317"}],"wp:featuredmedia":[{"embeddable":true,"href":"https:\/\/www.areabesos.com\/diario\/wp-json\/wp\/v2\/media\/7316"}],"wp:attachment":[{"href":"https:\/\/www.areabesos.com\/diario\/wp-json\/wp\/v2\/media?parent=7315"}],"wp:term":[{"taxonomy":"category","embeddable":true,"href":"https:\/\/www.areabesos.com\/diario\/wp-json\/wp\/v2\/categories?post=7315"},{"taxonomy":"post_tag","embeddable":true,"href":"https:\/\/www.areabesos.com\/diario\/wp-json\/wp\/v2\/tags?post=7315"}],"curies":[{"name":"wp","href":"https:\/\/api.w.org\/{rel}","templated":true}]}}