{"id":7302,"date":"2024-04-10T11:02:26","date_gmt":"2024-04-10T09:02:26","guid":{"rendered":"https:\/\/www.areabesos.com\/diario\/?p=7302"},"modified":"2024-04-10T11:02:26","modified_gmt":"2024-04-10T09:02:26","slug":"nova-edicio-de-les-jornades-solidaries","status":"publish","type":"post","link":"https:\/\/www.areabesos.com\/diario\/nova-edicio-de-les-jornades-solidaries\/","title":{"rendered":"Nova edici\u00f3 de les Jornades Solid\u00e0ries"},"content":{"rendered":"\n<p>Sant Adri\u00e0 celebra del 15 al 30 d&#8217;abril les XXVII Jornades Solid\u00e0ries amb la intenci\u00f3 de donar a con\u00e8ixer diferents aspectes de la solidaritat i la cooperaci\u00f3. Els actes ja estan en marxa gr\u00e0cies a l&#8217;exposici\u00f3 \u00abDones del m\u00f3n\u00bb, de la fot\u00f2grafa Raquel Gonz\u00e1lez, membre de l&#8217;Agrupaci\u00f3 Fotogr\u00e0fica de Sant Adri\u00e0 de Bes\u00f2s que es pot visitar fins el 30 d&#8217;abril al Casal Dalt de la Vila (Pla\u00e7a de l&#8217;Esgl\u00e9sia, 13). <\/p>\n\n\n\n<p>L&#8217;acte principal de l&#8217;edici\u00f3 d&#8217;enguanu es dur\u00e0 a terme el proper 18 d&#8217;abril, a partir de les 18.30 hores tamb\u00e9 al Casal Dalt de la Vila, amb la projecci\u00f3 del documental \u00abFugir per sobreveure\u00bb sobreviure\u00bb, dirigit pel periodista David Melero. El curtmetratge retrata l\u2019encomiable tasca de l\u2019ONG Salvamento Mar\u00edtimo Humanitario en una de les seves missions al Mediterrani, estesa al llarg d\u2019un mes i mig, durant la qual van rescatar 294 persones al l\u00edmit del naufragi que duien tres dies de travessa en pasteres m\u00e9s que prec\u00e0ries. Posteriorment, hi haur\u00e0 un col\u00b7loqui amb la Viviane Ogou, experta en joventut, migracions i seguretat euroafricana; el David Bondia, actual s\u00edndic de greuges de Barcelona i expresident de l&#8217;Institut de Drets Humans de Catalunya; l&#8217;Elna Narbona, infermera volunt\u00e0ria de l&#8217;ONG Salvamento Mar\u00edtimo Humanitario i David Melero, fotoperiodista enfocat en habitatge, extrema dreta, migracions i drets humans.<\/p>\n\n\n\n<div><a href=\"https:\/\/www.areabesos.com\/diario\/wp-content\/uploads\/2024\/04\/Cartell-documental-724x1024.jpg\" class=\"td-modal-image\"><figure class=\"wp-block-image size-large\"><img loading=\"lazy\" decoding=\"async\" width=\"724\" height=\"1024\" src=\"https:\/\/www.areabesos.com\/diario\/wp-content\/uploads\/2024\/04\/Cartell-documental-724x1024.jpg\" alt=\"\" class=\"wp-image-7303\" srcset=\"https:\/\/www.areabesos.com\/diario\/wp-content\/uploads\/2024\/04\/Cartell-documental-724x1024.jpg 724w, https:\/\/www.areabesos.com\/diario\/wp-content\/uploads\/2024\/04\/Cartell-documental-212x300.jpg 212w, https:\/\/www.areabesos.com\/diario\/wp-content\/uploads\/2024\/04\/Cartell-documental-768x1087.jpg 768w, https:\/\/www.areabesos.com\/diario\/wp-content\/uploads\/2024\/04\/Cartell-documental-150x212.jpg 150w, https:\/\/www.areabesos.com\/diario\/wp-content\/uploads\/2024\/04\/Cartell-documental-300x425.jpg 300w, https:\/\/www.areabesos.com\/diario\/wp-content\/uploads\/2024\/04\/Cartell-documental-696x985.jpg 696w, https:\/\/www.areabesos.com\/diario\/wp-content\/uploads\/2024\/04\/Cartell-documental.jpg 848w\" sizes=\"auto, (max-width: 724px) 100vw, 724px\" \/><\/figure><\/a><\/div>\n\n\n\n<p>El diumenge, 21 d&#8217;abril, torna el cicle de teatre amateur Teatrea, amb \u00abThe Full Monty\u00bb, de la companyia Teatre entre noms. L&#8217;acte est\u00e0 organitzat per Yalah, Solidaris amb el Poble Sahrau\u00ed i Grup Solidaritat \u00c9s l&#8217;hora! i es dur\u00e0 a terme a partir de les 17 hores al Casal de Cultura de Sant Adri\u00e0 (c. Marte de D\u00e9u del Carme, 22). <\/p>\n\n\n\n<p>Els actes acabaran el 30 d&#8217;abril amb un acte al Casal Dalt de la Vila a partir de les 18 hores on es compartir\u00e0 l&#8217;experi\u00e8ncia de la Dolors Clotats, dona emprenedora fundadora del projecte Conreu Sereny a Sant Jeroni de la Murtra. <\/p>\n\n\n\n<p>Destacar tamb\u00e9 la Fira d&#8217;entitats de solidaritat i cooperaci\u00f3 que tindr\u00e0 lloc el dissabte 20 d&#8217;arbril de 10 a 14 hores a la pla\u00e7a del Mercat amb activitats diverses, degustaci\u00f3 de caf\u00e9 de comer\u00e7 just Caf\u00e9 Sant Adri\u00e0, espectacles i un concurs de dibuix de comer\u00e7 just.    <\/p>\n","protected":false},"excerpt":{"rendered":"<p>Sant Adri\u00e0 celebra del 15 al 30 d&#8217;abril les XXVII Jornades Solid\u00e0ries amb la intenci\u00f3 de donar a con\u00e8ixer diferents aspectes de la solidaritat i la cooperaci\u00f3. Els actes ja estan en marxa gr\u00e0cies a l&#8217;exposici\u00f3 \u00abDones del m\u00f3n\u00bb, de la fot\u00f2grafa Raquel Gonz\u00e1lez, membre de l&#8217;Agrupaci\u00f3 Fotogr\u00e0fica de Sant Adri\u00e0 de Bes\u00f2s que es [&hellip;]<\/p>\n","protected":false},"author":1,"featured_media":7304,"comment_status":"closed","ping_status":"open","sticky":false,"template":"","format":"standard","meta":{"footnotes":""},"categories":[135],"tags":[],"class_list":{"0":"post-7302","1":"post","2":"type-post","3":"status-publish","4":"format-standard","5":"has-post-thumbnail","7":"category-societat"},"_links":{"self":[{"href":"https:\/\/www.areabesos.com\/diario\/wp-json\/wp\/v2\/posts\/7302","targetHints":{"allow":["GET"]}}],"collection":[{"href":"https:\/\/www.areabesos.com\/diario\/wp-json\/wp\/v2\/posts"}],"about":[{"href":"https:\/\/www.areabesos.com\/diario\/wp-json\/wp\/v2\/types\/post"}],"author":[{"embeddable":true,"href":"https:\/\/www.areabesos.com\/diario\/wp-json\/wp\/v2\/users\/1"}],"replies":[{"embeddable":true,"href":"https:\/\/www.areabesos.com\/diario\/wp-json\/wp\/v2\/comments?post=7302"}],"version-history":[{"count":1,"href":"https:\/\/www.areabesos.com\/diario\/wp-json\/wp\/v2\/posts\/7302\/revisions"}],"predecessor-version":[{"id":7305,"href":"https:\/\/www.areabesos.com\/diario\/wp-json\/wp\/v2\/posts\/7302\/revisions\/7305"}],"wp:featuredmedia":[{"embeddable":true,"href":"https:\/\/www.areabesos.com\/diario\/wp-json\/wp\/v2\/media\/7304"}],"wp:attachment":[{"href":"https:\/\/www.areabesos.com\/diario\/wp-json\/wp\/v2\/media?parent=7302"}],"wp:term":[{"taxonomy":"category","embeddable":true,"href":"https:\/\/www.areabesos.com\/diario\/wp-json\/wp\/v2\/categories?post=7302"},{"taxonomy":"post_tag","embeddable":true,"href":"https:\/\/www.areabesos.com\/diario\/wp-json\/wp\/v2\/tags?post=7302"}],"curies":[{"name":"wp","href":"https:\/\/api.w.org\/{rel}","templated":true}]}}