{"id":7299,"date":"2024-04-10T10:36:01","date_gmt":"2024-04-10T08:36:01","guid":{"rendered":"https:\/\/www.areabesos.com\/diario\/?p=7299"},"modified":"2024-04-10T10:36:02","modified_gmt":"2024-04-10T08:36:02","slug":"els-centres-educatius-de-sant-adria-sadhereixen-a-la-xarxa-de-coeducacio","status":"publish","type":"post","link":"https:\/\/www.areabesos.com\/diario\/els-centres-educatius-de-sant-adria-sadhereixen-a-la-xarxa-de-coeducacio\/","title":{"rendered":"Els centres educatius de Sant Adri\u00e0 s\u2019adhereixen a la Xarxa de Coeducaci\u00f3"},"content":{"rendered":"\n<p>La Xarxa de Coeducaci\u00f3 es un espai de coordinaci\u00f3 iniciat l\u2019any 2013 i on participen representants de tots els centres educatius del municipi, el CRP (Centre de Recursos Pedag\u00f2gics), el CIOD (Centre d&#8217;Informaci\u00f3 i Orientaci\u00f3 de la Dona) i els serveis d\u2019Igualtat i Educaci\u00f3 de l&#8217;Ajuntament.<\/p>\n\n\n\n<p>La tasca fonamental de la xarxa \u00e9s promoure la integraci\u00f3 de la coeducaci\u00f3 com a eix transversal dels centres educatius, des de la convicci\u00f3 de que aquesta \u00e9s la resposta per evitar discriminacions de g\u00e8nere i contribuir a una societat m\u00e9s equitativa i respectuosa, treballant per recon\u00e8ixer les potencialitats i singularitats dels infants, independentment del seu sexe. \u00c9s tamb\u00e9 el primer esgla\u00f3 de prevenci\u00f3 de la discriminaci\u00f3 i la viol\u00e8ncia masclista.<\/p>\n\n\n\n<p>Durant el passat mes de mar\u00e7 i aquest mes d&#8217;abril tots el centres educatius de la nostra ciutat s&#8217;estan adherint a aquesta xarxa, amb un acte simb\u00f2lic de col\u00b7locaci\u00f3 d&#8217;una pla\u00e7a amb la imatge que representa aquesta xarxa en cadasc\u00fa dels centres educatius. Tamb\u00e9 s\u2019ha signat un document on les escoles i instituts es comprometen a vetllar per una educaci\u00f3 amb una mirada coeducadora. Amb aquesta acci\u00f3 es consolida el treball en xarxa de tots els centres educatius de Sant Adri\u00e0.<\/p>\n","protected":false},"excerpt":{"rendered":"<p>La Xarxa de Coeducaci\u00f3 es un espai de coordinaci\u00f3 iniciat l\u2019any 2013 i on participen representants de tots els centres educatius del municipi, el CRP (Centre de Recursos Pedag\u00f2gics), el CIOD (Centre d&#8217;Informaci\u00f3 i Orientaci\u00f3 de la Dona) i els serveis d\u2019Igualtat i Educaci\u00f3 de l&#8217;Ajuntament. La tasca fonamental de la xarxa \u00e9s promoure la [&hellip;]<\/p>\n","protected":false},"author":2,"featured_media":7300,"comment_status":"closed","ping_status":"open","sticky":false,"template":"","format":"standard","meta":{"footnotes":""},"categories":[135],"tags":[],"class_list":{"0":"post-7299","1":"post","2":"type-post","3":"status-publish","4":"format-standard","5":"has-post-thumbnail","7":"category-societat"},"_links":{"self":[{"href":"https:\/\/www.areabesos.com\/diario\/wp-json\/wp\/v2\/posts\/7299","targetHints":{"allow":["GET"]}}],"collection":[{"href":"https:\/\/www.areabesos.com\/diario\/wp-json\/wp\/v2\/posts"}],"about":[{"href":"https:\/\/www.areabesos.com\/diario\/wp-json\/wp\/v2\/types\/post"}],"author":[{"embeddable":true,"href":"https:\/\/www.areabesos.com\/diario\/wp-json\/wp\/v2\/users\/2"}],"replies":[{"embeddable":true,"href":"https:\/\/www.areabesos.com\/diario\/wp-json\/wp\/v2\/comments?post=7299"}],"version-history":[{"count":1,"href":"https:\/\/www.areabesos.com\/diario\/wp-json\/wp\/v2\/posts\/7299\/revisions"}],"predecessor-version":[{"id":7301,"href":"https:\/\/www.areabesos.com\/diario\/wp-json\/wp\/v2\/posts\/7299\/revisions\/7301"}],"wp:featuredmedia":[{"embeddable":true,"href":"https:\/\/www.areabesos.com\/diario\/wp-json\/wp\/v2\/media\/7300"}],"wp:attachment":[{"href":"https:\/\/www.areabesos.com\/diario\/wp-json\/wp\/v2\/media?parent=7299"}],"wp:term":[{"taxonomy":"category","embeddable":true,"href":"https:\/\/www.areabesos.com\/diario\/wp-json\/wp\/v2\/categories?post=7299"},{"taxonomy":"post_tag","embeddable":true,"href":"https:\/\/www.areabesos.com\/diario\/wp-json\/wp\/v2\/tags?post=7299"}],"curies":[{"name":"wp","href":"https:\/\/api.w.org\/{rel}","templated":true}]}}