{"id":7296,"date":"2024-04-15T10:43:37","date_gmt":"2024-04-15T08:43:37","guid":{"rendered":"https:\/\/www.areabesos.com\/diario\/?p=7296"},"modified":"2024-04-15T16:28:12","modified_gmt":"2024-04-15T14:28:12","slug":"xerrada-sobre-el-moviment-obrer-a-sant-adria-a-larxiu-municipal-de-la-ciutat","status":"publish","type":"post","link":"https:\/\/www.areabesos.com\/diario\/xerrada-sobre-el-moviment-obrer-a-sant-adria-a-larxiu-municipal-de-la-ciutat\/","title":{"rendered":"Xerrada sobre el moviment obrer a Sant Adri\u00e0 a l\u2019Arxiu Municipal de la ciutat"},"content":{"rendered":"\n<p>El 3 d\u2019abril de 1973 el jove Manuel Fern\u00e1ndez M\u00e1rquez va morir a causa dels trets de la policia franquista durant una vaga dels treballadors de la construcci\u00f3 de la tercera de les xemeneies de la central t\u00e8rmica de FECSA a Sant Adri\u00e0 de Bes\u00f2s. La seva mort va convertir-se en un s\u00edmbol de lluita per al moviment obrer de l\u2019\u00e8poca, que venia ja d\u2019una llarga tradici\u00f3 al Barcelon\u00e8s Nord.<br>Aprofitant la proximitat d\u2019aquesta data, aix\u00ed com la del dia internacional de la classe treballadora, l\u2019Arxiu Municipal de Sant Adri\u00e0 de Bes\u00f2s convida a l\u2019historiador Jordi Albaladejo perqu\u00e8 ofereixi una xerrada sobre la formaci\u00f3 de la classe obrera, les primeres organitzacions sindicals i la conformaci\u00f3 de la vida urbana en un municipi que durant el segle XX va viure un fort canvi passant, en molt poc temps, de ser un espai rural a esdevenir una zona urbana altament industrialitzada.<\/p>\n","protected":false},"excerpt":{"rendered":"<p>El 3 d\u2019abril de 1973 el jove Manuel Fern\u00e1ndez M\u00e1rquez va morir a causa dels trets de la policia franquista durant una vaga dels treballadors de la construcci\u00f3 de la tercera de les xemeneies de la central t\u00e8rmica de FECSA a Sant Adri\u00e0 de Bes\u00f2s. La seva mort va convertir-se en un s\u00edmbol de lluita [&hellip;]<\/p>\n","protected":false},"author":2,"featured_media":7297,"comment_status":"closed","ping_status":"open","sticky":false,"template":"","format":"standard","meta":{"footnotes":""},"categories":[135],"tags":[],"class_list":{"0":"post-7296","1":"post","2":"type-post","3":"status-publish","4":"format-standard","5":"has-post-thumbnail","7":"category-societat"},"_links":{"self":[{"href":"https:\/\/www.areabesos.com\/diario\/wp-json\/wp\/v2\/posts\/7296","targetHints":{"allow":["GET"]}}],"collection":[{"href":"https:\/\/www.areabesos.com\/diario\/wp-json\/wp\/v2\/posts"}],"about":[{"href":"https:\/\/www.areabesos.com\/diario\/wp-json\/wp\/v2\/types\/post"}],"author":[{"embeddable":true,"href":"https:\/\/www.areabesos.com\/diario\/wp-json\/wp\/v2\/users\/2"}],"replies":[{"embeddable":true,"href":"https:\/\/www.areabesos.com\/diario\/wp-json\/wp\/v2\/comments?post=7296"}],"version-history":[{"count":1,"href":"https:\/\/www.areabesos.com\/diario\/wp-json\/wp\/v2\/posts\/7296\/revisions"}],"predecessor-version":[{"id":7298,"href":"https:\/\/www.areabesos.com\/diario\/wp-json\/wp\/v2\/posts\/7296\/revisions\/7298"}],"wp:featuredmedia":[{"embeddable":true,"href":"https:\/\/www.areabesos.com\/diario\/wp-json\/wp\/v2\/media\/7297"}],"wp:attachment":[{"href":"https:\/\/www.areabesos.com\/diario\/wp-json\/wp\/v2\/media?parent=7296"}],"wp:term":[{"taxonomy":"category","embeddable":true,"href":"https:\/\/www.areabesos.com\/diario\/wp-json\/wp\/v2\/categories?post=7296"},{"taxonomy":"post_tag","embeddable":true,"href":"https:\/\/www.areabesos.com\/diario\/wp-json\/wp\/v2\/tags?post=7296"}],"curies":[{"name":"wp","href":"https:\/\/api.w.org\/{rel}","templated":true}]}}