{"id":7292,"date":"2024-04-09T10:30:10","date_gmt":"2024-04-09T08:30:10","guid":{"rendered":"https:\/\/www.areabesos.com\/diario\/?p=7292"},"modified":"2024-04-09T10:30:11","modified_gmt":"2024-04-09T08:30:11","slug":"exposicio-del-soci-numero-1-de-lagrupacio-fotografica","status":"publish","type":"post","link":"https:\/\/www.areabesos.com\/diario\/exposicio-del-soci-numero-1-de-lagrupacio-fotografica\/","title":{"rendered":"Exposici\u00f3 del soci n\u00famero 1 de l&#8217;Agrupaci\u00f3 Fotogr\u00e0fica"},"content":{"rendered":"\n<p>El Josep Traf\u00ed Serra \u00e9s el soci n\u00famero 1 de l&#8217;Agrupaci\u00f3 Fotogr\u00e0fica Sant Adri\u00e0. Nascut l&#8217;any 1928 i fill d&#8217;un dels fundadors de l&#8217;agrupaci\u00f3 l&#8217;any 1949, el Faustino Traf\u00ed, inaugura aquest proper dijous una exposici\u00f3 de fotografies d&#8217;estudi amb llum artificial fetes a la seu de l&#8217;entitat i tractades per ell mateix. El 2018, amb 90 anys, l&#8217;agrupaci\u00f3 va voler homenatjar-lo amb una mostra en la que va exposar imatges dels seus viatges pel m\u00f3n. Li van comentar que quan fes els 95 anys hauria de fer una altra, i aqu\u00ed la tenim.<\/p>\n\n\n\n<p>La inauguraci\u00f3 es dur\u00e0 a terme aquest dijous, 11 d&#8217;abril, a partir de les 19.30 hores, i es podr\u00e0 visitar fins el 27 d&#8217;abril de dilluns a dijous de 18.30 a 20.30 hores. <\/p>\n\n\n\n<div><a href=\"https:\/\/www.areabesos.com\/diario\/wp-content\/uploads\/2024\/04\/diptic-A4-expo-TRAFI-2-2-1024x718.jpg\" class=\"td-modal-image\"><figure class=\"wp-block-image size-large\"><img loading=\"lazy\" decoding=\"async\" width=\"1024\" height=\"718\" src=\"https:\/\/www.areabesos.com\/diario\/wp-content\/uploads\/2024\/04\/diptic-A4-expo-TRAFI-2-2-1024x718.jpg\" alt=\"\" class=\"wp-image-7293\" srcset=\"https:\/\/www.areabesos.com\/diario\/wp-content\/uploads\/2024\/04\/diptic-A4-expo-TRAFI-2-2-1024x718.jpg 1024w, https:\/\/www.areabesos.com\/diario\/wp-content\/uploads\/2024\/04\/diptic-A4-expo-TRAFI-2-2-300x210.jpg 300w, https:\/\/www.areabesos.com\/diario\/wp-content\/uploads\/2024\/04\/diptic-A4-expo-TRAFI-2-2-768x538.jpg 768w, https:\/\/www.areabesos.com\/diario\/wp-content\/uploads\/2024\/04\/diptic-A4-expo-TRAFI-2-2-150x105.jpg 150w, https:\/\/www.areabesos.com\/diario\/wp-content\/uploads\/2024\/04\/diptic-A4-expo-TRAFI-2-2-696x488.jpg 696w, https:\/\/www.areabesos.com\/diario\/wp-content\/uploads\/2024\/04\/diptic-A4-expo-TRAFI-2-2-1068x748.jpg 1068w, https:\/\/www.areabesos.com\/diario\/wp-content\/uploads\/2024\/04\/diptic-A4-expo-TRAFI-2-2.jpg 1200w\" sizes=\"auto, (max-width: 1024px) 100vw, 1024px\" \/><\/figure><\/a><\/div>\n","protected":false},"excerpt":{"rendered":"<p>El Josep Traf\u00ed Serra \u00e9s el soci n\u00famero 1 de l&#8217;Agrupaci\u00f3 Fotogr\u00e0fica Sant Adri\u00e0. Nascut l&#8217;any 1928 i fill d&#8217;un dels fundadors de l&#8217;agrupaci\u00f3 l&#8217;any 1949, el Faustino Traf\u00ed, inaugura aquest proper dijous una exposici\u00f3 de fotografies d&#8217;estudi amb llum artificial fetes a la seu de l&#8217;entitat i tractades per ell mateix. El 2018, amb [&hellip;]<\/p>\n","protected":false},"author":1,"featured_media":7294,"comment_status":"closed","ping_status":"open","sticky":false,"template":"","format":"standard","meta":{"footnotes":""},"categories":[136],"tags":[],"class_list":{"0":"post-7292","1":"post","2":"type-post","3":"status-publish","4":"format-standard","5":"has-post-thumbnail","7":"category-cultura"},"_links":{"self":[{"href":"https:\/\/www.areabesos.com\/diario\/wp-json\/wp\/v2\/posts\/7292","targetHints":{"allow":["GET"]}}],"collection":[{"href":"https:\/\/www.areabesos.com\/diario\/wp-json\/wp\/v2\/posts"}],"about":[{"href":"https:\/\/www.areabesos.com\/diario\/wp-json\/wp\/v2\/types\/post"}],"author":[{"embeddable":true,"href":"https:\/\/www.areabesos.com\/diario\/wp-json\/wp\/v2\/users\/1"}],"replies":[{"embeddable":true,"href":"https:\/\/www.areabesos.com\/diario\/wp-json\/wp\/v2\/comments?post=7292"}],"version-history":[{"count":1,"href":"https:\/\/www.areabesos.com\/diario\/wp-json\/wp\/v2\/posts\/7292\/revisions"}],"predecessor-version":[{"id":7295,"href":"https:\/\/www.areabesos.com\/diario\/wp-json\/wp\/v2\/posts\/7292\/revisions\/7295"}],"wp:featuredmedia":[{"embeddable":true,"href":"https:\/\/www.areabesos.com\/diario\/wp-json\/wp\/v2\/media\/7294"}],"wp:attachment":[{"href":"https:\/\/www.areabesos.com\/diario\/wp-json\/wp\/v2\/media?parent=7292"}],"wp:term":[{"taxonomy":"category","embeddable":true,"href":"https:\/\/www.areabesos.com\/diario\/wp-json\/wp\/v2\/categories?post=7292"},{"taxonomy":"post_tag","embeddable":true,"href":"https:\/\/www.areabesos.com\/diario\/wp-json\/wp\/v2\/tags?post=7292"}],"curies":[{"name":"wp","href":"https:\/\/api.w.org\/{rel}","templated":true}]}}