{"id":7288,"date":"2024-04-08T10:53:11","date_gmt":"2024-04-08T08:53:11","guid":{"rendered":"https:\/\/www.areabesos.com\/diario\/?p=7288"},"modified":"2024-04-08T10:53:34","modified_gmt":"2024-04-08T08:53:34","slug":"al-viejo-guerrero","status":"publish","type":"post","link":"https:\/\/www.areabesos.com\/diario\/al-viejo-guerrero\/","title":{"rendered":"Al viejo guerrero"},"content":{"rendered":"\n<p class=\"has-text-align-right\"><em>\u201cEl aula era un breve espacio de tiempo, en el patio del recreo \u00e9ramos el grupo del viento, compart\u00edamos un \u00fanico deseo: ser poetas\u201d<\/em>\u00a0<\/p>\n\n\n\n<p class=\"has-text-align-right\"><em>Desde la soledad del banco<\/em>, Francesc Reina Peral.<\/p>\n\n\n\n<p>Con su caja de cerillas, Joan Guerrero se plant\u00f3 en el solar del barrio de los M\u00fasicos- la Balsa para sembrar sonrisas entre la chiquiller\u00eda que jugaba en el recreo del Colegio Popular (gestionado por el vecindario y en el que fui maestro). Para hermanarnos con el viento, recordaba en el documental de su amigo David Airob, y aunque el perfume no lo pueda captar la lente, encuadrar la infancia es como traer recuerdos de las monta\u00f1as y correr hacia el mar (como en <em>los 400 golpes<\/em>) para &nbsp;luego transmitir lo que se ha sentido. Habr\u00e1 que mimar m\u00e1s los sentimientos,&nbsp; dec\u00eda,&nbsp; igual que se a\u00f1ora la nostalgia de lo que se encontr\u00f3, esa melancol\u00eda del patio de tierra.<\/p>\n\n\n\n<p>Junto a los amigos, comenz\u00f3 a combatir las injusticias de los que quieren acabar con rebeld\u00edas varadas y resistencias prohibidas. Por pocos que queden, comentaba, solo los locos se atreven&nbsp; a contar historias que llegan al fondo para descubrir la poes\u00eda amarga de los olvidados y escuchar el batido de alas de una chaquetilla al mover las mangas, para contemplar un bolsillo con agujeros&nbsp; lleno de ilusiones, pellizcos retorcidos que quieren cambiar las cosas para agarrar el alma de los d\u00edas buenos y otros que no lo son tanto. El arte tiene ideolog\u00eda, es humanismo, solidaridad, es salir a las calles a buscar versos; aunque existe el arte que est\u00e1 por encima de todo, que pone pasi\u00f3n en lo que hace y sabe explicarlo.<\/p>\n\n\n\n<p>Existe un blanco y negro desagradable, son emblemas del sufrimiento;&nbsp; las guerras tambi\u00e9n <a><\/a>lo son, y luego, todo lo que viene detr\u00e1s y cuenta las miserias entre los charcos cotidianos; cr\u00f3nicas imperfectas de gente aut\u00e9ntica que, a pesar de todo, &nbsp;no esconde sus l\u00e1grimas. &nbsp;Hay un fuego tras el blanco y negro que ayuda a contemplar mejor su brillo, es una belleza diferente, una huida hacia adelante como la de la migraci\u00f3n, es el amor de la madre: lana que da calor y abriga el fr\u00edo de la tristeza, que dobla las s\u00e1banas y hace el puchero\u2026 Sal de la tierra.<\/p>\n\n\n\n<p>Como un notario que escribe la realidad pescando rostros, dolores que habr\u00e1 que reconocer por mucho que duelan, su narrativa llama al optimismo, porque hay que mantener vivo lo que se lleva en el coraz\u00f3n, aunque sean necesarios los retoques &#8211; sin exagerar- como el maquillaje que resalta detalles hermosos para empujar las conciencias.<\/p>\n\n\n\n<p>Las alegr\u00edas son cantos que evocan &nbsp;lo que est\u00e1 bien hecho;&nbsp; torrente de pensamientos entre la vida y la vida, la dicha de vivir es encontrarse y buscar la proximidad de la conversaci\u00f3n, para ponerle color, por fin, a lo que sucede, a lo que pas\u00f3.<\/p>\n\n\n\n<p>Sinestesia de la imagen, igual que la m\u00fasica se puede ver, maestro, en tus fotograf\u00edas el olor a brea se nota, ese gris perla tiene una sonoridad especial, una linda mirada de futuro.<\/p>\n\n\n\n<p><span style=\"background-color:#0c0000\" class=\"td_text_highlight_marker\">Francesc Reina<\/span><\/p>\n","protected":false},"excerpt":{"rendered":"<p>\u201cEl aula era un breve espacio de tiempo, en el patio del recreo \u00e9ramos el grupo del viento, compart\u00edamos un \u00fanico deseo: ser poetas\u201d\u00a0 Desde la soledad del banco, Francesc Reina Peral. Con su caja de cerillas, Joan Guerrero se plant\u00f3 en el solar del barrio de los M\u00fasicos- la Balsa para sembrar sonrisas entre [&hellip;]<\/p>\n","protected":false},"author":2,"featured_media":7289,"comment_status":"closed","ping_status":"open","sticky":false,"template":"","format":"standard","meta":{"footnotes":""},"categories":[139],"tags":[],"class_list":{"0":"post-7288","1":"post","2":"type-post","3":"status-publish","4":"format-standard","5":"has-post-thumbnail","7":"category-opinio"},"_links":{"self":[{"href":"https:\/\/www.areabesos.com\/diario\/wp-json\/wp\/v2\/posts\/7288","targetHints":{"allow":["GET"]}}],"collection":[{"href":"https:\/\/www.areabesos.com\/diario\/wp-json\/wp\/v2\/posts"}],"about":[{"href":"https:\/\/www.areabesos.com\/diario\/wp-json\/wp\/v2\/types\/post"}],"author":[{"embeddable":true,"href":"https:\/\/www.areabesos.com\/diario\/wp-json\/wp\/v2\/users\/2"}],"replies":[{"embeddable":true,"href":"https:\/\/www.areabesos.com\/diario\/wp-json\/wp\/v2\/comments?post=7288"}],"version-history":[{"count":2,"href":"https:\/\/www.areabesos.com\/diario\/wp-json\/wp\/v2\/posts\/7288\/revisions"}],"predecessor-version":[{"id":7291,"href":"https:\/\/www.areabesos.com\/diario\/wp-json\/wp\/v2\/posts\/7288\/revisions\/7291"}],"wp:featuredmedia":[{"embeddable":true,"href":"https:\/\/www.areabesos.com\/diario\/wp-json\/wp\/v2\/media\/7289"}],"wp:attachment":[{"href":"https:\/\/www.areabesos.com\/diario\/wp-json\/wp\/v2\/media?parent=7288"}],"wp:term":[{"taxonomy":"category","embeddable":true,"href":"https:\/\/www.areabesos.com\/diario\/wp-json\/wp\/v2\/categories?post=7288"},{"taxonomy":"post_tag","embeddable":true,"href":"https:\/\/www.areabesos.com\/diario\/wp-json\/wp\/v2\/tags?post=7288"}],"curies":[{"name":"wp","href":"https:\/\/api.w.org\/{rel}","templated":true}]}}