{"id":7283,"date":"2024-03-29T13:33:40","date_gmt":"2024-03-29T12:33:40","guid":{"rendered":"https:\/\/www.areabesos.com\/diario\/?p=7283"},"modified":"2024-04-05T13:34:56","modified_gmt":"2024-04-05T11:34:56","slug":"sant-adria-calcula-la-seva-petjada-hidrica","status":"publish","type":"post","link":"https:\/\/www.areabesos.com\/diario\/sant-adria-calcula-la-seva-petjada-hidrica\/","title":{"rendered":"Sant Adri\u00e0 calcula la seva petjada h\u00eddrica"},"content":{"rendered":"\n<p>Sant Adri\u00e0 de Bes\u00f2s ha calculat per primera vegada la seva petjada h\u00eddrica, en col\u00b7laboraci\u00f3 amb Aig\u00fces de Barcelona i Cetaqua. Aquest indicador mesura el volum d&#8217;aigua dol\u00e7a que s&#8217;utilitza, tant de manera directa com indirecta, per produir un producte, un servei o una activitat.<\/p>\n\n\n\n<p>Aig\u00fces de Barcelona i Cetaqua han adaptat la metodologia definida per la Water Footprint Network per tal d&#8217;avaluar la petjada h\u00eddrica d&#8217;un municipi. Aquesta metodologia ha perm\u00e8s avaluar l&#8217;\u00fas d&#8217;aigua dol\u00e7a a Sant Adri\u00e0 per desenvolupar l&#8217;activitat i serveis que hi tenen lloc (incloent ind\u00fastria i comer\u00e7, \u00fas dom\u00e8stic i usos municipals).<\/p>\n\n\n\n<p>El major pes d&#8217;aquest municipi recau sobre el consum dom\u00e8stic, amb un 33,9% del total de la petjada h\u00eddrica; el segueix l&#8217;aigua del fre\u00e0tic abocada al riu o al clavegueram, amb un 29,4%; les aig\u00fces fre\u00e0tiques aprofitades i exportades representen un 15,4%; el consum industrial i comercial suposa un 9,4%; la vegetaci\u00f3 i zones verdes, un 6,2%, i finalment, els usos municipals, un 5,7%.<\/p>\n\n\n\n<h3 class=\"wp-block-heading\"><strong>L&#8217; aprofitament de les aig\u00fces fre\u00e0tiques del subsol per al reg \u00e9s clau per reduir la petjada<\/strong><\/h3>\n\n\n\n<p>El projecte ha perm\u00e8s identificar oportunitats per reduir la petjada h\u00eddrica en el municipi. Dels resultats se\u2019n despr\u00e8n el paper clau que t\u00e9 l&#8217;aprofitament de les aig\u00fces fre\u00e0tiques del subsol per a usos no potables.<\/p>\n\n\n\n<p>L&#8217;aprofitament de les aig\u00fces fre\u00e0tiques del subsol per al reg de parcs i jardins i per a la neteja vi\u00e0ria ha perm\u00e8s reduir la petjada h\u00eddrica del territori un 6,9% sobre el total de la petjada h\u00eddrica de Sant Adri\u00e0.<\/p>\n\n\n\n<p>En l&#8217;any d&#8217;estudi (2022), s&#8217;estima que l&#8217;aigua del fre\u00e0tic va aportar un 70,68% de la demanda d&#8217;aigua per al reg de zones verdes i neteja de carrers al municipi. En aquest sentit, l&#8217;estudi conclou que hi ha potencial per cobrir-la del tot, el que permetria reduir un 2,9% l&#8217;actual petjada h\u00eddrica territorial. Aprofitar aquesta aigua \u00e9s clau per reduir-la o evitar la petjada h\u00eddrica de tercers.<\/p>\n\n\n\n<p>La col\u00b7laboraci\u00f3 de l&#8217;Ajuntament de Sant Adri\u00e0, Aig\u00fces de Barcelona i Cetaqua s\u2019emmarca en l&#8217;aposta de tots tres per un \u00fas responsable de l&#8217;aigua i l&#8217;aprofitament dels recursos h\u00eddrics alternatius per fer front a la sequera actual.<\/p>\n","protected":false},"excerpt":{"rendered":"<p>Sant Adri\u00e0 de Bes\u00f2s ha calculat per primera vegada la seva petjada h\u00eddrica, en col\u00b7laboraci\u00f3 amb Aig\u00fces de Barcelona i Cetaqua. Aquest indicador mesura el volum d&#8217;aigua dol\u00e7a que s&#8217;utilitza, tant de manera directa com indirecta, per produir un producte, un servei o una activitat. Aig\u00fces de Barcelona i Cetaqua han adaptat la metodologia definida [&hellip;]<\/p>\n","protected":false},"author":2,"featured_media":7284,"comment_status":"closed","ping_status":"open","sticky":false,"template":"","format":"standard","meta":{"footnotes":""},"categories":[134],"tags":[],"class_list":{"0":"post-7283","1":"post","2":"type-post","3":"status-publish","4":"format-standard","5":"has-post-thumbnail","7":"category-actualitat"},"_links":{"self":[{"href":"https:\/\/www.areabesos.com\/diario\/wp-json\/wp\/v2\/posts\/7283","targetHints":{"allow":["GET"]}}],"collection":[{"href":"https:\/\/www.areabesos.com\/diario\/wp-json\/wp\/v2\/posts"}],"about":[{"href":"https:\/\/www.areabesos.com\/diario\/wp-json\/wp\/v2\/types\/post"}],"author":[{"embeddable":true,"href":"https:\/\/www.areabesos.com\/diario\/wp-json\/wp\/v2\/users\/2"}],"replies":[{"embeddable":true,"href":"https:\/\/www.areabesos.com\/diario\/wp-json\/wp\/v2\/comments?post=7283"}],"version-history":[{"count":1,"href":"https:\/\/www.areabesos.com\/diario\/wp-json\/wp\/v2\/posts\/7283\/revisions"}],"predecessor-version":[{"id":7285,"href":"https:\/\/www.areabesos.com\/diario\/wp-json\/wp\/v2\/posts\/7283\/revisions\/7285"}],"wp:featuredmedia":[{"embeddable":true,"href":"https:\/\/www.areabesos.com\/diario\/wp-json\/wp\/v2\/media\/7284"}],"wp:attachment":[{"href":"https:\/\/www.areabesos.com\/diario\/wp-json\/wp\/v2\/media?parent=7283"}],"wp:term":[{"taxonomy":"category","embeddable":true,"href":"https:\/\/www.areabesos.com\/diario\/wp-json\/wp\/v2\/categories?post=7283"},{"taxonomy":"post_tag","embeddable":true,"href":"https:\/\/www.areabesos.com\/diario\/wp-json\/wp\/v2\/tags?post=7283"}],"curies":[{"name":"wp","href":"https:\/\/api.w.org\/{rel}","templated":true}]}}