{"id":7277,"date":"2024-04-05T13:20:55","date_gmt":"2024-04-05T11:20:55","guid":{"rendered":"https:\/\/www.areabesos.com\/diario\/?p=7277"},"modified":"2024-04-05T13:21:41","modified_gmt":"2024-04-05T11:21:41","slug":"les-tres-xemeneies-seran-la-seu-principal-del-cluster-imaginant-futurs-de-manifesta-15-barcelona-metropolitana","status":"publish","type":"post","link":"https:\/\/www.areabesos.com\/diario\/les-tres-xemeneies-seran-la-seu-principal-del-cluster-imaginant-futurs-de-manifesta-15-barcelona-metropolitana\/","title":{"rendered":"Les tres xemeneies seran la seu principal del cl\u00faster \u00abImaginant futurs\u00bb de Manifesta 15 Barcelona Metropolitana"},"content":{"rendered":"\n<p>Sant Adri\u00e0 de Bes\u00f2s ser\u00e0 seu principal de la quinzena edici\u00f3 de Manifesta, la Biennal N\u00f2mada Europea que obrir\u00e0 del 8 de setembre al 24 de novembre. En concret, l&#8217;ic\u00f2nic edifici de les tres xemeneies obrir\u00e0 per primera vegada al p\u00fablic com a seu principal d&#8217;un dels tres cl\u00fasters tem\u00e0tics en que es dividir\u00e0 l&#8217;esdeveniment, l&#8217;anomenat \u00abImaginant futurs\u00bb, amb instal\u00b7lacions i propostes tant a dintre de l\u2019antiga sala de turbines com als seu entorn. Santa Coloma de Gramenet, amb l&#8217;edifici La CIBA, i Badalona a la platja del Coco, tamb\u00e9 formen part d&#8217;aquest cl\u00faster que se centrar\u00e0 al node del Bes\u00f2s. Els altres dos cl\u00fasters seran \u00abEquilibrant conflictes\u00bb i Cuidar i cuidar-nos\u00bb als nodes del delta del Llobregat i el Vall\u00e8s a ciutats com Granollers, El Prat, L&#8217;Hospitalet, Sant Cugat del Vall\u00e8s, Sabadell, Matar\u00f3 i Barcelona. <\/p>\n\n\n\n<p>La majoria de participants de la selecci\u00f3 portada\u00a0a terme per Manifesta 15 centra la seva activitat professional al voltant de q\u00fcestions ecol\u00f2giques i sociohist\u00f2riques. S\u2019ha convidat a cada participant a treballar en un tema espec\u00edfic dins del marc conceptual de la biennal. L&#8217;equip art\u00edstic ha encoratjat la selecci\u00f3 de participants a aprofundir en els arxius locals, la tradici\u00f3 oral i les genealogies privades i p\u00fabliques per q\u00fcestionar col\u00b7lectivament com s&#8217;han interrelacionat, i encara ho fan, les hist\u00f2ries locals, el colonialisme i les injust\u00edcies clim\u00e0tiques<strong>.<\/strong><\/p>\n\n\n\n<p>La biennal de cultura contempor\u00e0nia europea itinerant Manifesta 15 tindr\u00e0 una entrada amb un preu \u00fanic de 15 \u20ac que ser\u00e0 v\u00e0lida durant tota la biennal per a les tres seus principals: Casa Gomis, el Monestir de Sant Cugat i les Tres Xemeneies. Les entrades es podran comprar en l\u00ednia a partir de finals de maig a la p\u00e0gina web de\u00a0<strong><a href=\"https:\/\/manifesta15.org\/es\">Manifesta 15<\/a>,<\/strong>\u00a0i a altres punts de venda que s&#8217;anunciaran properament. La resta de seus seran d&#8217;entrada lliure.<\/p>\n\n\n\n<figure class=\"wp-block-image size-large\"><img loading=\"lazy\" decoding=\"async\" width=\"1024\" height=\"683\" src=\"https:\/\/www.areabesos.com\/diario\/wp-content\/uploads\/2024\/04\/Habitar-el-color-1024x683.jpg\" alt=\"\" class=\"wp-image-7278\" srcset=\"https:\/\/www.areabesos.com\/diario\/wp-content\/uploads\/2024\/04\/Habitar-el-color-1024x683.jpg 1024w, https:\/\/www.areabesos.com\/diario\/wp-content\/uploads\/2024\/04\/Habitar-el-color-300x200.jpg 300w, https:\/\/www.areabesos.com\/diario\/wp-content\/uploads\/2024\/04\/Habitar-el-color-768x512.jpg 768w, https:\/\/www.areabesos.com\/diario\/wp-content\/uploads\/2024\/04\/Habitar-el-color-150x100.jpg 150w, https:\/\/www.areabesos.com\/diario\/wp-content\/uploads\/2024\/04\/Habitar-el-color-696x464.jpg 696w, https:\/\/www.areabesos.com\/diario\/wp-content\/uploads\/2024\/04\/Habitar-el-color-1068x712.jpg 1068w, https:\/\/www.areabesos.com\/diario\/wp-content\/uploads\/2024\/04\/Habitar-el-color.jpg 1200w\" sizes=\"auto, (max-width: 1024px) 100vw, 1024px\" \/><figcaption class=\"wp-element-caption\"><strong>Habitar el color\u202f[Habitar el color &#8211; Inhabiting Colour], 2015 (2023)\u202f\u00a9 Carlos Bunga &#8211; Bombas Gens Centre d&#8217;Art. Photo\u202f\u00a9 Mario Zamora<\/strong><br><br><br><\/figcaption><\/figure>\n\n\n\n<h3 class=\"wp-block-heading\"><strong>Sant Adri\u00e0 forma part d&#8217;un equip art\u00edstic amb un 55% de representaci\u00f3 local<\/strong><\/h3>\n\n\n\n<p>L&#8217;equip art\u00edstic de Manifesta 15, format per Hedwig Fijen, directora de Manifesta 15, inclou Filipa Oliveira, mediadora creativa de Manifesta 15, i onze representacions art\u00edstiques: Ariadna Amat Garcia (Badalona), Pen\u00e9lope Ca\u00f1izares Bellido (Cornell\u00e0 de Llobregat), Cristina Castells Tort (El Prat de Llobregat), Raquel Morcillo (Granollers), Mireia Mascarell (L\u2019Hospitalet de Llobregat),&nbsp;Gisel No\u00e8 (Matar\u00f3), \u00d3scar Abril Ascaso (Sabadell), David Linares Ramos (Sant Adri\u00e0 de Bes\u00f2s), Joan Gonz\u00e1lez Cano (Santa Coloma de Gramenet), Andreu Dengra Carayol (Sant Cugat del Vall\u00e8s), Imma Vilches Garc\u00eda (Terrassa).<\/p>\n\n\n\n<p>L\u2019equip art\u00edstic est\u00e0 treballant conjuntament en un programa repartit per setze seus i espais p\u00fablics de tota la regi\u00f3. Dels 43 participants, 29 presentaran obres de nova\u00a0creaci\u00f3 fetes especialment per a Manifesta 15. Cal destacar que el 55 % del grup de participants s\u00f3n locals o estan establerts a la regi\u00f3, de manera que es refor\u00e7a aix\u00ed encara m\u00e9s el plantejament de Manifesta 15 per amplificar les veus regionals que reflexionen sobre el paisatge metropolit\u00e0.<\/p>\n\n\n\n<h3 class=\"wp-block-heading\"><strong>Presentaci\u00f3 d&#8217;arxius a la Gustavo Gili<\/strong><\/h3>\n\n\n\n<p>Durant els darrers dos anys, Manifesta 15 Barcelona Metropolitana ha treballat en un ampli ventall de projectes de recerca que aprofundeixen en les mem\u00f2ries hist\u00f2riques, genealogies, relats i pr\u00e0ctiques educatives compartides de la regi\u00f3. Aquests projectes de recerca han esdevingut un projecte multiformat que desafia les narratives dominants i descobreix perspectives alternatives, enriquint la nostra comprensi\u00f3 de la hist\u00f2ria de la regi\u00f3. Els arxius \u2014allotjats a la Gustavo Gili, la seu de Manifesta 15 a Barcelona, durant el per\u00edode de la biennal\u2014 s\u00f3n significatius a m\u00faltiples nivells: mental, material, espiritual i hist\u00f2ric, a partir de veus no escoltades i de l\u2019activaci\u00f3 per part de grups diversos de la societat.<\/p>\n\n\n\n<p>La directora de Manifesta, Hedwig Fijen, ha reunit diversos especialistes en arxius per q\u00fcestionar les narracions oficials i obrir les portes a una major pluralitat. L\u2019autor espanyol i professor de Princeton Germ\u00e1n Labrador analitzar\u00e0 l\u2019impacte de la Guerra Civil espanyola i el domini franquista en el desenvolupament cultural i social. La investigadora, comiss\u00e0ria i fundadora de Radio Africa Tania Safura Adam revisar\u00e0 la mem\u00f2ria col\u00b7lectiva a trav\u00e9s d\u2019una exposici\u00f3 d\u2019\u00abarxius negres\u00bb, un p\u00f2dcast i materials de la Biblioteca Anticolonial, reflectint la hist\u00f2ria de la metr\u00f2poli des de perspectives negres. Finalment, el departament d\u2019Educaci\u00f3 de Manifesta 15 presenta una recerca sobre els moviments de renovaci\u00f3 educativa catalana, destacant l\u2019impacte de l\u2019educaci\u00f3 i la pedagogia en la transformaci\u00f3 social<strong>.<\/strong><\/p>\n\n\n\n<figure class=\"wp-block-image size-large\"><img loading=\"lazy\" decoding=\"async\" width=\"1024\" height=\"683\" src=\"https:\/\/www.areabesos.com\/diario\/wp-content\/uploads\/2024\/04\/Rumors-from-the-sea-1024x683.jpg\" alt=\"\" class=\"wp-image-7279\" srcset=\"https:\/\/www.areabesos.com\/diario\/wp-content\/uploads\/2024\/04\/Rumors-from-the-sea-1024x683.jpg 1024w, https:\/\/www.areabesos.com\/diario\/wp-content\/uploads\/2024\/04\/Rumors-from-the-sea-300x200.jpg 300w, https:\/\/www.areabesos.com\/diario\/wp-content\/uploads\/2024\/04\/Rumors-from-the-sea-768x512.jpg 768w, https:\/\/www.areabesos.com\/diario\/wp-content\/uploads\/2024\/04\/Rumors-from-the-sea-150x100.jpg 150w, https:\/\/www.areabesos.com\/diario\/wp-content\/uploads\/2024\/04\/Rumors-from-the-sea-696x464.jpg 696w, https:\/\/www.areabesos.com\/diario\/wp-content\/uploads\/2024\/04\/Rumors-from-the-sea-1068x712.jpg 1068w, https:\/\/www.areabesos.com\/diario\/wp-content\/uploads\/2024\/04\/Rumors-from-the-sea.jpg 1200w\" sizes=\"auto, (max-width: 1024px) 100vw, 1024px\" \/><figcaption class=\"wp-element-caption\">Rumors from the sea, 2018-2019\u202f\u00a9\u202fF\u00e9lix Blume\u202f-\u202fThailand Biennale Krabi. Photo\u202f\u00a9\u202fF\u00e9lix Blume<\/figcaption><\/figure>\n\n\n\n<h3 class=\"wp-block-heading\"><strong>Programa d\u2019Educaci\u00f3 Manifesta 15: Fora per fer escola<\/strong><\/h3>\n\n\n\n<p>El programa d\u2019Educaci\u00f3 i Mediaci\u00f3 de Manifesta sorgeix d\u2019una investigaci\u00f3 col\u00b7laborativa amb actors locals, explorant aspectes ignorats de les hist\u00f2ries educatives i culturals que ajuden a albirar futurs alternatius. A Manifesta 15, la recerca se centra en els moviments pedag\u00f2gics progressistes catalans anteriors i posteriors a la dictadura franquista, emprant la recerca art\u00edstica, la mediaci\u00f3, la programaci\u00f3 d\u2019esdeveniments p\u00fablics i les xarxes professionals. Pret\u00e9n visualitzar idees i pr\u00e0ctiques que poden contribuir a les transformacions pedag\u00f2giques i ecosocials contempor\u00e0nies, alineant-se amb els temes generals de la biennal:&nbsp;<em>Equilibrant conflictes, Cuidar i cuidar-nos&nbsp;<\/em>i<em>&nbsp;Imaginant futurs.<\/em><\/p>\n\n\n\n<p>Amb el t\u00edtol \u00abFora per fer escola\u00bb, aquesta iniciativa\u00a0consolida diferents projectes que conformen el programa d\u2019educaci\u00f3 i mediaci\u00f3 de la biennal. El t\u00edtol encarna m\u00faltiples dimensions significatives: la idea de portar l\u2019educaci\u00f3 a l\u2019aire lliure, establir precedents i l\u2019amena\u00e7a d\u2019exili a la qual s\u2019han enfrontat innombrables docents per fer escola. A partir de les hist\u00f2ries de l\u2019Escola de Bosc, l\u2019Escola del Mar, Vil\u00b7la Joana, el col\u00b7lectiu de docents Batec i Escoles en Lluita, el programa inclou quatre projectes art\u00edstics que es presentaran a la Gustavo Gili acompanyant la recerca arxiv\u00edstica. A m\u00e9s, el programa ha iniciat projectes de\u00a0<em>networking<\/em>\u00a0professional com les Trobades de Professorat i el Grup de Treball Territorial, juntament amb un ampli programa de mediaci\u00f3.<\/p>\n\n\n\n<figure class=\"wp-block-image size-large\"><img loading=\"lazy\" decoding=\"async\" width=\"1024\" height=\"683\" src=\"https:\/\/www.areabesos.com\/diario\/wp-content\/uploads\/2024\/04\/Devouring-Lovers-1024x683.jpg\" alt=\"\" class=\"wp-image-7280\" srcset=\"https:\/\/www.areabesos.com\/diario\/wp-content\/uploads\/2024\/04\/Devouring-Lovers-1024x683.jpg 1024w, https:\/\/www.areabesos.com\/diario\/wp-content\/uploads\/2024\/04\/Devouring-Lovers-300x200.jpg 300w, https:\/\/www.areabesos.com\/diario\/wp-content\/uploads\/2024\/04\/Devouring-Lovers-768x512.jpg 768w, https:\/\/www.areabesos.com\/diario\/wp-content\/uploads\/2024\/04\/Devouring-Lovers-150x100.jpg 150w, https:\/\/www.areabesos.com\/diario\/wp-content\/uploads\/2024\/04\/Devouring-Lovers-696x464.jpg 696w, https:\/\/www.areabesos.com\/diario\/wp-content\/uploads\/2024\/04\/Devouring-Lovers-1068x712.jpg 1068w, https:\/\/www.areabesos.com\/diario\/wp-content\/uploads\/2024\/04\/Devouring-Lovers.jpg 1200w\" sizes=\"auto, (max-width: 1024px) 100vw, 1024px\" \/><figcaption class=\"wp-element-caption\">Devouring Lovers, 2023 \u00a9 Eva F\u00e0bregas &#8211; Staatliche Museen zu Berlin, Hamburger Bahnhof \u2013 Nationalgalerie der Gegenwart. Photo \u00a9 Jacopo\u202fLa Forgia<\/figcaption><\/figure>\n\n\n\n<p>    <\/p>\n","protected":false},"excerpt":{"rendered":"<p>Sant Adri\u00e0 de Bes\u00f2s ser\u00e0 seu principal de la quinzena edici\u00f3 de Manifesta, la Biennal N\u00f2mada Europea que obrir\u00e0 del 8 de setembre al 24 de novembre. En concret, l&#8217;ic\u00f2nic edifici de les tres xemeneies obrir\u00e0 per primera vegada al p\u00fablic com a seu principal d&#8217;un dels tres cl\u00fasters tem\u00e0tics en que es dividir\u00e0 l&#8217;esdeveniment, [&hellip;]<\/p>\n","protected":false},"author":1,"featured_media":7281,"comment_status":"closed","ping_status":"open","sticky":false,"template":"","format":"standard","meta":{"footnotes":""},"categories":[136],"tags":[],"class_list":{"0":"post-7277","1":"post","2":"type-post","3":"status-publish","4":"format-standard","5":"has-post-thumbnail","7":"category-cultura"},"_links":{"self":[{"href":"https:\/\/www.areabesos.com\/diario\/wp-json\/wp\/v2\/posts\/7277","targetHints":{"allow":["GET"]}}],"collection":[{"href":"https:\/\/www.areabesos.com\/diario\/wp-json\/wp\/v2\/posts"}],"about":[{"href":"https:\/\/www.areabesos.com\/diario\/wp-json\/wp\/v2\/types\/post"}],"author":[{"embeddable":true,"href":"https:\/\/www.areabesos.com\/diario\/wp-json\/wp\/v2\/users\/1"}],"replies":[{"embeddable":true,"href":"https:\/\/www.areabesos.com\/diario\/wp-json\/wp\/v2\/comments?post=7277"}],"version-history":[{"count":1,"href":"https:\/\/www.areabesos.com\/diario\/wp-json\/wp\/v2\/posts\/7277\/revisions"}],"predecessor-version":[{"id":7282,"href":"https:\/\/www.areabesos.com\/diario\/wp-json\/wp\/v2\/posts\/7277\/revisions\/7282"}],"wp:featuredmedia":[{"embeddable":true,"href":"https:\/\/www.areabesos.com\/diario\/wp-json\/wp\/v2\/media\/7281"}],"wp:attachment":[{"href":"https:\/\/www.areabesos.com\/diario\/wp-json\/wp\/v2\/media?parent=7277"}],"wp:term":[{"taxonomy":"category","embeddable":true,"href":"https:\/\/www.areabesos.com\/diario\/wp-json\/wp\/v2\/categories?post=7277"},{"taxonomy":"post_tag","embeddable":true,"href":"https:\/\/www.areabesos.com\/diario\/wp-json\/wp\/v2\/tags?post=7277"}],"curies":[{"name":"wp","href":"https:\/\/api.w.org\/{rel}","templated":true}]}}