{"id":7267,"date":"2024-04-02T13:52:03","date_gmt":"2024-04-02T11:52:03","guid":{"rendered":"https:\/\/www.areabesos.com\/diario\/?p=7267"},"modified":"2024-04-02T13:52:04","modified_gmt":"2024-04-02T11:52:04","slug":"formacio-i-treball-lliura-roba-i-complements-a-gairebe-20-000-persones-en-situacio-de-vulnerabilitat-a-catalunya","status":"publish","type":"post","link":"https:\/\/www.areabesos.com\/diario\/formacio-i-treball-lliura-roba-i-complements-a-gairebe-20-000-persones-en-situacio-de-vulnerabilitat-a-catalunya\/","title":{"rendered":"Formaci\u00f3 i Treball lliura roba i complements a gaireb\u00e9 20.000 persones en situaci\u00f3 de vulnerabilitat a Catalunya"},"content":{"rendered":"\n<p>Els Programes d\u2019Entrega Social que gestiona Formaci\u00f3 i Treball han tingut un impacte sobre 18.726 beneficiaris i benefici\u00e0ries aquest 2023 a trav\u00e9s del lliurament de roba a persones procedents de diversos serveis socials o entitats mitjan\u00e7ant un model basat en el dret a escollir a trav\u00e9s de les botigues de roba de segona m\u00e0 que gestiona l\u2019entitat.<br>Per poder garantir les entregues i millorar l\u2019experi\u00e8ncia de les persones usu\u00e0ries, <br>Formaci\u00f3 i Treball ha apostat des de fa dos anys per anar cap a un model digital en el<br>qual, a trav\u00e9s de codis QR vinculats a un import econ\u00f2mic com a m\u00e8tode de pagament, s\u2019ha perm\u00e8s passar d\u2019una entrega centralitzada en un \u00fanic punt de venta i distribuci\u00f3 a un sistema descentralitzat on hi conflueix la venta i l\u2019entrega social a totes les botigues pr\u00f2pies de l\u2019entitat.<br>En total s\u2019han habilitat 24 punts de venta on hi conflueixen col\u00b7lectius derivats a l\u2019ajuda<br>social i persones que creuen en la moda de segona m\u00e0 i compren en aquests establiments. D\u2019aquesta manera, s\u2019han pogut distribuir fins a 38.500 peces de roba impulsant aix\u00ed la dignificaci\u00f3 en el primer pla i fomentant el dret a escollir en funci\u00f3 dels gustos i prefer\u00e8ncies d\u2019aquestes persones.<\/p>\n\n\n\n<p>Avan\u00e7ar cap a un model digital ha estat clau per aquesta transformaci\u00f3, permetent<br>generar una xarxa de 66 entitats distribu\u00efdes entre l\u2019\u00e0rea metropolitana de Barcelona,<br>el Camp de Tarragona, la Catalunya Central i el Garraf, entre les quals destaquen<br>institucions com l\u2019Ajuntament de Barcelona, l\u2019Ajuntament de Sant Adri\u00e0 de Bes\u00f2s,<br>l\u2019Ajuntament de Santa Coloma de Gramenet i entitats com C\u00e0ritas Diocesana de<br>Barcelona.<br>La xarxa cada cop m\u00e9s extensa en entitats i territori mostra una creixent important en<br>oferir una experi\u00e8ncia que trenqui amb l\u2019estigma associat a l\u2019ajuda social tradicional.<br>L\u2019accent en proporcionar a les persones usu\u00e0ries l\u2019oportunitat d\u2019accedir als productes<br>en entorns comercials consolida una experi\u00e8ncia m\u00e9s flexible i adaptada a les<br>necessitats individuals de cadasc\u00fa. Aquesta transici\u00f3 representa un pas significatiu<br>cap a l&#8217;autonomia i la dignificaci\u00f3 de les ajudes socials de les persones amb situaci\u00f3<br>de vulnerabilitat.<\/p>\n","protected":false},"excerpt":{"rendered":"<p>Els Programes d\u2019Entrega Social que gestiona Formaci\u00f3 i Treball han tingut un impacte sobre 18.726 beneficiaris i benefici\u00e0ries aquest 2023 a trav\u00e9s del lliurament de roba a persones procedents de diversos serveis socials o entitats mitjan\u00e7ant un model basat en el dret a escollir a trav\u00e9s de les botigues de roba de segona m\u00e0 que [&hellip;]<\/p>\n","protected":false},"author":2,"featured_media":7268,"comment_status":"closed","ping_status":"open","sticky":false,"template":"","format":"standard","meta":{"footnotes":""},"categories":[135],"tags":[],"class_list":{"0":"post-7267","1":"post","2":"type-post","3":"status-publish","4":"format-standard","5":"has-post-thumbnail","7":"category-societat"},"_links":{"self":[{"href":"https:\/\/www.areabesos.com\/diario\/wp-json\/wp\/v2\/posts\/7267","targetHints":{"allow":["GET"]}}],"collection":[{"href":"https:\/\/www.areabesos.com\/diario\/wp-json\/wp\/v2\/posts"}],"about":[{"href":"https:\/\/www.areabesos.com\/diario\/wp-json\/wp\/v2\/types\/post"}],"author":[{"embeddable":true,"href":"https:\/\/www.areabesos.com\/diario\/wp-json\/wp\/v2\/users\/2"}],"replies":[{"embeddable":true,"href":"https:\/\/www.areabesos.com\/diario\/wp-json\/wp\/v2\/comments?post=7267"}],"version-history":[{"count":1,"href":"https:\/\/www.areabesos.com\/diario\/wp-json\/wp\/v2\/posts\/7267\/revisions"}],"predecessor-version":[{"id":7269,"href":"https:\/\/www.areabesos.com\/diario\/wp-json\/wp\/v2\/posts\/7267\/revisions\/7269"}],"wp:featuredmedia":[{"embeddable":true,"href":"https:\/\/www.areabesos.com\/diario\/wp-json\/wp\/v2\/media\/7268"}],"wp:attachment":[{"href":"https:\/\/www.areabesos.com\/diario\/wp-json\/wp\/v2\/media?parent=7267"}],"wp:term":[{"taxonomy":"category","embeddable":true,"href":"https:\/\/www.areabesos.com\/diario\/wp-json\/wp\/v2\/categories?post=7267"},{"taxonomy":"post_tag","embeddable":true,"href":"https:\/\/www.areabesos.com\/diario\/wp-json\/wp\/v2\/tags?post=7267"}],"curies":[{"name":"wp","href":"https:\/\/api.w.org\/{rel}","templated":true}]}}