{"id":7259,"date":"2024-03-28T11:34:46","date_gmt":"2024-03-28T10:34:46","guid":{"rendered":"https:\/\/www.areabesos.com\/diario\/?p=7259"},"modified":"2024-03-28T11:34:47","modified_gmt":"2024-03-28T10:34:47","slug":"gemma-ruiz-protagonitza-el-14e-sopar-literari-dunesco-sant-adria","status":"publish","type":"post","link":"https:\/\/www.areabesos.com\/diario\/gemma-ruiz-protagonitza-el-14e-sopar-literari-dunesco-sant-adria\/","title":{"rendered":"Gemma Ruiz protagonitza el 14\u00e8 Sopar Literari d&#8217;Unesco Sant Adri\u00e0"},"content":{"rendered":"\n<p>El proper 16 d&#8217;abril, Unesco Sant Adri\u00e0 organitza el seu 14\u00e8 Sopar Literari amb la periodista i escriptora Gemma Ruiz, guanyadora del Premi Sant Jordi de novel\u00b7la 2023 amb \u00abLes nostres mares\u00bb. El sopar es dur\u00e0 a terme al Casal Dalt de la Vila (pla\u00e7a de l&#8217;Esgl\u00e9sia, 13) a partir de les 19 hores.<\/p>\n\n\n\n<p>Les places s\u00f3n limitades i cal inscripci\u00f3 pr\u00e8via mitjan\u00e7ant la p\u00e0gina web de l&#8217;entitat, unescosantadria,wordpress.com o escanejant el codi qr del cartell. El bo d&#8217;ajuda, que inclou el sopar, \u00e9s de 15 euros pels socis, i de 18 pels no socis. M\u00e9s informaci\u00f3 per WhatsApp al 644 16 84 03.<\/p>\n","protected":false},"excerpt":{"rendered":"<p>El proper 16 d&#8217;abril, Unesco Sant Adri\u00e0 organitza el seu 14\u00e8 Sopar Literari amb la periodista i escriptora Gemma Ruiz, guanyadora del Premi Sant Jordi de novel\u00b7la 2023 amb \u00abLes nostres mares\u00bb. El sopar es dur\u00e0 a terme al Casal Dalt de la Vila (pla\u00e7a de l&#8217;Esgl\u00e9sia, 13) a partir de les 19 hores. Les [&hellip;]<\/p>\n","protected":false},"author":1,"featured_media":7260,"comment_status":"closed","ping_status":"open","sticky":false,"template":"","format":"standard","meta":{"footnotes":""},"categories":[136],"tags":[],"class_list":{"0":"post-7259","1":"post","2":"type-post","3":"status-publish","4":"format-standard","5":"has-post-thumbnail","7":"category-cultura"},"_links":{"self":[{"href":"https:\/\/www.areabesos.com\/diario\/wp-json\/wp\/v2\/posts\/7259","targetHints":{"allow":["GET"]}}],"collection":[{"href":"https:\/\/www.areabesos.com\/diario\/wp-json\/wp\/v2\/posts"}],"about":[{"href":"https:\/\/www.areabesos.com\/diario\/wp-json\/wp\/v2\/types\/post"}],"author":[{"embeddable":true,"href":"https:\/\/www.areabesos.com\/diario\/wp-json\/wp\/v2\/users\/1"}],"replies":[{"embeddable":true,"href":"https:\/\/www.areabesos.com\/diario\/wp-json\/wp\/v2\/comments?post=7259"}],"version-history":[{"count":1,"href":"https:\/\/www.areabesos.com\/diario\/wp-json\/wp\/v2\/posts\/7259\/revisions"}],"predecessor-version":[{"id":7261,"href":"https:\/\/www.areabesos.com\/diario\/wp-json\/wp\/v2\/posts\/7259\/revisions\/7261"}],"wp:featuredmedia":[{"embeddable":true,"href":"https:\/\/www.areabesos.com\/diario\/wp-json\/wp\/v2\/media\/7260"}],"wp:attachment":[{"href":"https:\/\/www.areabesos.com\/diario\/wp-json\/wp\/v2\/media?parent=7259"}],"wp:term":[{"taxonomy":"category","embeddable":true,"href":"https:\/\/www.areabesos.com\/diario\/wp-json\/wp\/v2\/categories?post=7259"},{"taxonomy":"post_tag","embeddable":true,"href":"https:\/\/www.areabesos.com\/diario\/wp-json\/wp\/v2\/tags?post=7259"}],"curies":[{"name":"wp","href":"https:\/\/api.w.org\/{rel}","templated":true}]}}