{"id":7255,"date":"2024-03-25T12:55:51","date_gmt":"2024-03-25T11:55:51","guid":{"rendered":"https:\/\/www.areabesos.com\/diario\/?p=7255"},"modified":"2024-03-27T12:57:18","modified_gmt":"2024-03-27T11:57:18","slug":"sant-adria-acull-el-primer-congres-nacional-dadults-i-joves-amb-altes-capacitats","status":"publish","type":"post","link":"https:\/\/www.areabesos.com\/diario\/sant-adria-acull-el-primer-congres-nacional-dadults-i-joves-amb-altes-capacitats\/","title":{"rendered":"Sant Adri\u00e0 acull el primer Congr\u00e9s Nacional d\u2019Adults i joves amb altes capacitats"},"content":{"rendered":"\n<p>L\u2019Escola T\u00farbula acull el proper 4 de maig el primer I Congr\u00e9s Nacional d\u2019Adults i joves amb altes capacitats L\u2019horari ser\u00e0 de 9 a 20 hores i comptar\u00e0 amb diverses p\u00edndoles formatives on es tocaran temes diversos i amb professionals especialistes del tema dins l\u2019\u00e0mbit nacional empresa, addiccions, experi\u00e8ncies personals, experi\u00e8ncies d\u2019intervenci\u00f3 professional, relacions personals i sentimentals, adults amb doble excepcionalitat, gesti\u00f3 emocional, assetjament, g\u00e8nere i xarxes socials, l\u2019adult universitari amb altes capacitats, perfil de joves amb alta capacitat, com treballar com a pares amb fills amb altes capacitats, com arribar a l\u2019excel.l\u00e8ncia personal, la menopausa i les altes capacitats,.. i molts m\u00e9s.<br>Algunes pon\u00e8ncies seran presencials, d\u2019altres seran v\u00eddeos enregistrats doncs per raons personals no podran ser-hi presencials i rebreu el link de les pon\u00e8ncies enregistrades. El preu fins l\u20191 d\u2019abril ser\u00e0 de 34 euros, i fins el 4 de maig de 38 euros.<\/p>\n","protected":false},"excerpt":{"rendered":"<p>L\u2019Escola T\u00farbula acull el proper 4 de maig el primer I Congr\u00e9s Nacional d\u2019Adults i joves amb altes capacitats L\u2019horari ser\u00e0 de 9 a 20 hores i comptar\u00e0 amb diverses p\u00edndoles formatives on es tocaran temes diversos i amb professionals especialistes del tema dins l\u2019\u00e0mbit nacional empresa, addiccions, experi\u00e8ncies personals, experi\u00e8ncies d\u2019intervenci\u00f3 professional, relacions personals [&hellip;]<\/p>\n","protected":false},"author":2,"featured_media":7257,"comment_status":"closed","ping_status":"open","sticky":false,"template":"","format":"standard","meta":{"footnotes":""},"categories":[134],"tags":[],"class_list":{"0":"post-7255","1":"post","2":"type-post","3":"status-publish","4":"format-standard","5":"has-post-thumbnail","7":"category-actualitat"},"_links":{"self":[{"href":"https:\/\/www.areabesos.com\/diario\/wp-json\/wp\/v2\/posts\/7255","targetHints":{"allow":["GET"]}}],"collection":[{"href":"https:\/\/www.areabesos.com\/diario\/wp-json\/wp\/v2\/posts"}],"about":[{"href":"https:\/\/www.areabesos.com\/diario\/wp-json\/wp\/v2\/types\/post"}],"author":[{"embeddable":true,"href":"https:\/\/www.areabesos.com\/diario\/wp-json\/wp\/v2\/users\/2"}],"replies":[{"embeddable":true,"href":"https:\/\/www.areabesos.com\/diario\/wp-json\/wp\/v2\/comments?post=7255"}],"version-history":[{"count":1,"href":"https:\/\/www.areabesos.com\/diario\/wp-json\/wp\/v2\/posts\/7255\/revisions"}],"predecessor-version":[{"id":7258,"href":"https:\/\/www.areabesos.com\/diario\/wp-json\/wp\/v2\/posts\/7255\/revisions\/7258"}],"wp:featuredmedia":[{"embeddable":true,"href":"https:\/\/www.areabesos.com\/diario\/wp-json\/wp\/v2\/media\/7257"}],"wp:attachment":[{"href":"https:\/\/www.areabesos.com\/diario\/wp-json\/wp\/v2\/media?parent=7255"}],"wp:term":[{"taxonomy":"category","embeddable":true,"href":"https:\/\/www.areabesos.com\/diario\/wp-json\/wp\/v2\/categories?post=7255"},{"taxonomy":"post_tag","embeddable":true,"href":"https:\/\/www.areabesos.com\/diario\/wp-json\/wp\/v2\/tags?post=7255"}],"curies":[{"name":"wp","href":"https:\/\/api.w.org\/{rel}","templated":true}]}}