{"id":7252,"date":"2024-03-27T12:33:33","date_gmt":"2024-03-27T11:33:33","guid":{"rendered":"https:\/\/www.areabesos.com\/diario\/?p=7252"},"modified":"2024-03-27T12:33:33","modified_gmt":"2024-03-27T11:33:33","slug":"el-club-waterpolo-sant-adria-guanya-la-lliga-catalana-de-1a-divisio","status":"publish","type":"post","link":"https:\/\/www.areabesos.com\/diario\/el-club-waterpolo-sant-adria-guanya-la-lliga-catalana-de-1a-divisio\/","title":{"rendered":"El Club Waterpolo Sant Adri\u00e0 guanya la Lliga Catalana de 1a divisi\u00f3"},"content":{"rendered":"\n<p>L\u2019equip mascul\u00ed del Club Waterpolo Sant Adri\u00e0 es va proclamar 1r classificat de la Lliga Catalana de 1a divisi\u00f3&nbsp;el dissabte 16 de mar\u00e7. Aquesta posici\u00f3 li dona acc\u00e9s a jugar la fase de la 2a nacional. El partit va tenir lloc a les instal\u00b7lacions del CN Manresa i la ronda de penals va decantar la vict\u00f2ria cap a l\u2019equip adrianenc.<\/p>\n\n\n\n<p>La fase de 2a nacional representa per l&#8217;equip de waterpolo de Sant Adri\u00e0 l\u2019 oportunitat de jugar la propera temporada en la categoria nacional per primer cop en la seva hist\u00f2ria. Per assolir aquest objectiu haur\u00e0 de disputar durant el mes de maig uns play-offs amb equips guanyadors d\u2019altres comunitats aut\u00f2nomes com Val\u00e8ncia, Andalusia, Illes Can\u00e0ries i Madrid, entre altres.<\/p>\n\n\n\n<p>El Club Waterpolo Sant Adri\u00e0 busca esp\u00f2nsors per poder assumir les despeses dels play-offs, que a m\u00e9s d\u2019un espai de competici\u00f3 son tamb\u00e9 una ocasi\u00f3 per promocionar l\u2019esport adrianenc i projectar la ciutat de Sant Adri\u00e0. Tothom qui vulgui donar suport pot contactar amb el club al tel. 676884094.<\/p>\n","protected":false},"excerpt":{"rendered":"<p>L\u2019equip mascul\u00ed del Club Waterpolo Sant Adri\u00e0 es va proclamar 1r classificat de la Lliga Catalana de 1a divisi\u00f3&nbsp;el dissabte 16 de mar\u00e7. Aquesta posici\u00f3 li dona acc\u00e9s a jugar la fase de la 2a nacional. El partit va tenir lloc a les instal\u00b7lacions del CN Manresa i la ronda de penals va decantar la [&hellip;]<\/p>\n","protected":false},"author":2,"featured_media":7253,"comment_status":"closed","ping_status":"open","sticky":false,"template":"","format":"standard","meta":{"footnotes":""},"categories":[137],"tags":[],"class_list":{"0":"post-7252","1":"post","2":"type-post","3":"status-publish","4":"format-standard","5":"has-post-thumbnail","7":"category-esports"},"_links":{"self":[{"href":"https:\/\/www.areabesos.com\/diario\/wp-json\/wp\/v2\/posts\/7252","targetHints":{"allow":["GET"]}}],"collection":[{"href":"https:\/\/www.areabesos.com\/diario\/wp-json\/wp\/v2\/posts"}],"about":[{"href":"https:\/\/www.areabesos.com\/diario\/wp-json\/wp\/v2\/types\/post"}],"author":[{"embeddable":true,"href":"https:\/\/www.areabesos.com\/diario\/wp-json\/wp\/v2\/users\/2"}],"replies":[{"embeddable":true,"href":"https:\/\/www.areabesos.com\/diario\/wp-json\/wp\/v2\/comments?post=7252"}],"version-history":[{"count":1,"href":"https:\/\/www.areabesos.com\/diario\/wp-json\/wp\/v2\/posts\/7252\/revisions"}],"predecessor-version":[{"id":7254,"href":"https:\/\/www.areabesos.com\/diario\/wp-json\/wp\/v2\/posts\/7252\/revisions\/7254"}],"wp:featuredmedia":[{"embeddable":true,"href":"https:\/\/www.areabesos.com\/diario\/wp-json\/wp\/v2\/media\/7253"}],"wp:attachment":[{"href":"https:\/\/www.areabesos.com\/diario\/wp-json\/wp\/v2\/media?parent=7252"}],"wp:term":[{"taxonomy":"category","embeddable":true,"href":"https:\/\/www.areabesos.com\/diario\/wp-json\/wp\/v2\/categories?post=7252"},{"taxonomy":"post_tag","embeddable":true,"href":"https:\/\/www.areabesos.com\/diario\/wp-json\/wp\/v2\/tags?post=7252"}],"curies":[{"name":"wp","href":"https:\/\/api.w.org\/{rel}","templated":true}]}}