{"id":7243,"date":"2024-03-26T12:36:00","date_gmt":"2024-03-26T11:36:00","guid":{"rendered":"https:\/\/www.areabesos.com\/diario\/?p=7243"},"modified":"2024-03-26T12:40:57","modified_gmt":"2024-03-26T11:40:57","slug":"abalisament-de-la-barra-de-sorra-de-la-desembocadura-del-riu-per-protegir-la-nidificacio-i-descans-despecies-amenacades-i-protegides","status":"publish","type":"post","link":"https:\/\/www.areabesos.com\/diario\/abalisament-de-la-barra-de-sorra-de-la-desembocadura-del-riu-per-protegir-la-nidificacio-i-descans-despecies-amenacades-i-protegides\/","title":{"rendered":"Abalisament de la barra de sorra de la desembocadura del riu per protegir la nidificaci\u00f3 i descans d&#8217;esp\u00e8cies amena\u00e7ades i protegides"},"content":{"rendered":"\n<p>A mitjans del mes de mar\u00e7 des de l\u2019Ajuntament de Sant Adri\u00e0 de Bes\u00f2s junt amb la col\u00b7laboraci\u00f3 del bi\u00f2leg Xavier Larruy s\u2019ha procedit a l\u2019abalisament per prohibir l\u2019acc\u00e9s a la barra de sorra de la desembocadura. Tot i que l\u2019acc\u00e9s a la desembocadura est\u00e0 prohibit des de fa anys, aquesta prohibici\u00f3 no ha estat respectada, i di\u00e0riament hi ha accedeixen desenes de persones, de manera que la pressi\u00f3 humana es constant. Aix\u00ed, el potencial com a lloc d\u2019aturada d\u2019aus aqu\u00e0tiques migrat\u00f2ries els darrers anys ha estat for\u00e7a menor que l\u2019existent a finals del segle XX. Fins i tot, ha desaparegut una esp\u00e8cie nidificant, el corriol camanegre, una esp\u00e8cie protegida i amena\u00e7ada d\u2019extinci\u00f3 a Catalunya.<\/p>\n\n\n\n<p>Per tal de comen\u00e7ar a revertir aquesta situaci\u00f3 s\u2019ha decidit delimitar la totalitat de la barra de sorra de la desembocadura del riu Bes\u00f2s perqu\u00e8 \u00e9s la zona on nidificava el corriol camanegre i on, l\u2019any passat, va nidificar el corriol petit gr\u00e0cies a l\u2019abalisament de l\u2019entorn del seu niu. El corriol petit \u00e9s un ocell protegit que ha disminu\u00eft la seva poblaci\u00f3 a la conca del Bes\u00f2s. Com el camanegre, fa la posta dels ous a la sorra de les platges, de manera que el pas de persones o gossos aixafaria els ous.<\/p>\n\n\n\n<p>A m\u00e9s, aquest petit espai \u00e9s una zona de descans, alimentaci\u00f3 i nidificaci\u00f3 d\u2019aus migrat\u00f2ries protegides, algunes d\u2019elles amena\u00e7ades d\u2019extinci\u00f3. El cas m\u00e9s emblem\u00e0tic \u00e9s el de la gavina corsa, una au que concentra tota la seva poblaci\u00f3 mundial a les costes mediterr\u00e0nies i es troba inclosa al Cat\u00e0leg d\u2019Esp\u00e8cies Amena\u00e7ades d\u2019Extinci\u00f3 a Catalunya. En el seu Pla de Conservaci\u00f3, aprovat per la Generalitat de Catalunya, es reconeix el potencial de la barra de sorra com a zona de descans per a aquesta esp\u00e8cie i s\u2019identifica la pressi\u00f3 humana com el principal factor que impedeix que la zona esdevingui una zona d\u2019import\u00e0ncia a nivell catal\u00e0.<\/p>\n\n\n\n<p>Per altra banda, \u00e9s un indret on tracten de fer parada ocells aqu\u00e0tics en les seves migracions entre les zones de cria i les d\u2019hivernada, algunes tan allunyades com l\u2019\u00c0rtic siberi\u00e0 i les costes africanes de l\u2019hemisferi sud.<\/p>\n\n\n\n<figure class=\"wp-block-image size-large\"><img loading=\"lazy\" decoding=\"async\" width=\"1024\" height=\"683\" src=\"https:\/\/www.areabesos.com\/diario\/wp-content\/uploads\/2024\/03\/desembocadura2-1024x683.jpg\" alt=\"\" class=\"wp-image-7247\" srcset=\"https:\/\/www.areabesos.com\/diario\/wp-content\/uploads\/2024\/03\/desembocadura2-1024x683.jpg 1024w, https:\/\/www.areabesos.com\/diario\/wp-content\/uploads\/2024\/03\/desembocadura2-300x200.jpg 300w, https:\/\/www.areabesos.com\/diario\/wp-content\/uploads\/2024\/03\/desembocadura2-768x512.jpg 768w, https:\/\/www.areabesos.com\/diario\/wp-content\/uploads\/2024\/03\/desembocadura2-150x100.jpg 150w, https:\/\/www.areabesos.com\/diario\/wp-content\/uploads\/2024\/03\/desembocadura2-696x464.jpg 696w, https:\/\/www.areabesos.com\/diario\/wp-content\/uploads\/2024\/03\/desembocadura2-1068x712.jpg 1068w, https:\/\/www.areabesos.com\/diario\/wp-content\/uploads\/2024\/03\/desembocadura2.jpg 1200w\" sizes=\"auto, (max-width: 1024px) 100vw, 1024px\" \/><figcaption class=\"wp-element-caption\">Imatges cedides per Xavier Larruy i Diana Navarro\n\n<\/figcaption><\/figure>\n\n\n\n<p>Cal tenir en compte que el litoral catal\u00e0 ha perdut la major part de les seva zones humides i que t\u00e9 molt poques platges d\u2019acc\u00e9s restringit a les persones. Aix\u00ed, els 150 metres d\u2019amplada del riu Bes\u00f2s (en el passat el seu delta tenia 10 km) \u00e9s l\u2019\u00fanic lloc on poden aturar-se les aus aqu\u00e0tiques entre els deltes del Llobregat i La Tordera. La protecci\u00f3 i tranquil\u00b7litat d\u2019aquests espais \u00e9s essencial per la superviv\u00e8ncia d\u2019aquestes aus, especialment en episodis meteorol\u00f2gics adversos que les obliguen a aturar-se. En el cas de la barra de sorra de la desembocadura del Bes\u00f2s s\u2019han realitzat en d\u00e8cades pr\u00e8vies avistaments molt destacables a nivell, fins i tot, catal\u00e0, com ara 90 gambes roges, 600 gavines capnegres i 200 fumarells negres. En el darrer mes podem destacar 60 gavines corses, 22 cames llargues, un bec d\u2019alena, un torlit i una gavina cendrosa, esp\u00e8cie hivernant molt escassa a Catalunya.<\/p>\n\n\n\n<p>Hi ha diversa normativa que prohibeixen la pertorbaci\u00f3 dels espais de concentraci\u00f3, cria, muda, hivernada i descans de les esp\u00e8cies migrat\u00f2ries, aix\u00ed com molestar, perseguir o inquietar les esp\u00e8cies protegides i amena\u00e7ades.<\/p>\n\n\n\n<p>La normativa en la que s\u2019emmarca aquesta prohibici\u00f3 es:<\/p>\n\n\n\n<p>Llei 42\/2007 de patrimoni natural i de la biodiversitat.<\/p>\n\n\n\n<p>DECRET LEGISLATIU 2\/2008 Text ref\u00f3s de la Llei de protecci\u00f3 dels animals.<\/p>\n\n\n\n<p>DECRET 172\/2022 Cat\u00e0leg de fauna salvatge aut\u00f2ctona amena\u00e7ada i de mesures de protecci\u00f3 i de conservaci\u00f3 de la fauna salvatge aut\u00f2ctona protegida.<\/p>\n\n\n\n<p>DECRET D\u2019ALCALDIA de 14\/7\/2020 sobre la prohibici\u00f3 de l\u2019acc\u00e9s i el bany a la desembocadura del riu Bes\u00f2s i a les zones adjacents acordonades.<\/p>\n","protected":false},"excerpt":{"rendered":"<p>A mitjans del mes de mar\u00e7 des de l\u2019Ajuntament de Sant Adri\u00e0 de Bes\u00f2s junt amb la col\u00b7laboraci\u00f3 del bi\u00f2leg Xavier Larruy s\u2019ha procedit a l\u2019abalisament per prohibir l\u2019acc\u00e9s a la barra de sorra de la desembocadura. Tot i que l\u2019acc\u00e9s a la desembocadura est\u00e0 prohibit des de fa anys, aquesta prohibici\u00f3 no ha estat [&hellip;]<\/p>\n","protected":false},"author":2,"featured_media":7244,"comment_status":"closed","ping_status":"open","sticky":false,"template":"","format":"standard","meta":{"footnotes":""},"categories":[135],"tags":[],"class_list":{"0":"post-7243","1":"post","2":"type-post","3":"status-publish","4":"format-standard","5":"has-post-thumbnail","7":"category-societat"},"_links":{"self":[{"href":"https:\/\/www.areabesos.com\/diario\/wp-json\/wp\/v2\/posts\/7243","targetHints":{"allow":["GET"]}}],"collection":[{"href":"https:\/\/www.areabesos.com\/diario\/wp-json\/wp\/v2\/posts"}],"about":[{"href":"https:\/\/www.areabesos.com\/diario\/wp-json\/wp\/v2\/types\/post"}],"author":[{"embeddable":true,"href":"https:\/\/www.areabesos.com\/diario\/wp-json\/wp\/v2\/users\/2"}],"replies":[{"embeddable":true,"href":"https:\/\/www.areabesos.com\/diario\/wp-json\/wp\/v2\/comments?post=7243"}],"version-history":[{"count":2,"href":"https:\/\/www.areabesos.com\/diario\/wp-json\/wp\/v2\/posts\/7243\/revisions"}],"predecessor-version":[{"id":7248,"href":"https:\/\/www.areabesos.com\/diario\/wp-json\/wp\/v2\/posts\/7243\/revisions\/7248"}],"wp:featuredmedia":[{"embeddable":true,"href":"https:\/\/www.areabesos.com\/diario\/wp-json\/wp\/v2\/media\/7244"}],"wp:attachment":[{"href":"https:\/\/www.areabesos.com\/diario\/wp-json\/wp\/v2\/media?parent=7243"}],"wp:term":[{"taxonomy":"category","embeddable":true,"href":"https:\/\/www.areabesos.com\/diario\/wp-json\/wp\/v2\/categories?post=7243"},{"taxonomy":"post_tag","embeddable":true,"href":"https:\/\/www.areabesos.com\/diario\/wp-json\/wp\/v2\/tags?post=7243"}],"curies":[{"name":"wp","href":"https:\/\/api.w.org\/{rel}","templated":true}]}}