{"id":7240,"date":"2024-03-26T12:32:52","date_gmt":"2024-03-26T11:32:52","guid":{"rendered":"https:\/\/www.areabesos.com\/diario\/?p=7240"},"modified":"2024-03-26T12:32:52","modified_gmt":"2024-03-26T11:32:52","slug":"el-servei-de-la-deixalleria-mobil-samplia-als-barris-de-la-catalana-i-de-via-trajana","status":"publish","type":"post","link":"https:\/\/www.areabesos.com\/diario\/el-servei-de-la-deixalleria-mobil-samplia-als-barris-de-la-catalana-i-de-via-trajana\/","title":{"rendered":"El servei de la deixalleria m\u00f2bil s&#8217;amplia als barris de La Catalana i de Via Trajana"},"content":{"rendered":"\n<p>La deixalleria m\u00f2bil arribar\u00e0 a partir del dijous 4 d&#8217;abril als barris de La Catalana i de Via Trajana.El servei estar\u00e0 disponible els dijous, de 9 a 9.50 h, a Via Trajana (entre el c. Safo i el c. Guip\u00fascoa) i els divendres, en la mateixa franja hor\u00e0ria, a l&#8217;av. de la Catalana (a prop de la pl. Charlie Rivel).<\/p>\n\n\n\n<p>Amb aquesta ampliaci\u00f3 es promou la recollida de residus facilitant l&#8217;acc\u00e9s al servei de la deixalleria a tota la ciutadania del municipi.<\/p>\n\n\n\n<h3 class=\"wp-block-heading\">Horaris<\/h3>\n\n\n\n<p>Els horaris de la deixalleria m\u00f2bil s\u00f3n els seg\u00fcents&nbsp;(<strong>excepte el mes d&#8217;agost que el servei no funcionar\u00e0)<\/strong>:<\/p>\n\n\n\n<p><strong>D<\/strong><strong>imecres tarda<\/strong><\/p>\n\n\n\n<ul class=\"wp-block-list\">\n<li>De&nbsp;16 h&nbsp;a&nbsp;18 h. Av. de la Platja\/c. Torrassa (pg. central costat mar).<\/li>\n\n\n\n<li>De&nbsp;18.10 h&nbsp;a&nbsp;20 h. C. Esgl\u00e9sia cantonada&nbsp;amb c. Monges (a prop de&nbsp;pl. de Maria Grau).<\/li>\n<\/ul>\n\n\n\n<p><strong>Dijous mat\u00ed<\/strong><\/p>\n\n\n\n<ul class=\"wp-block-list\">\n<li>De 9 h a 9.50 h. Via Trajana (entre Safo i C. Guip\u00fascoa)<\/li>\n\n\n\n<li>De 10 h a 12.25 h. Pl. del Mercat<\/li>\n\n\n\n<li>De 12.35 h a 13.20 h. Pl. Vint-i-cinc d\u2019octubre entre c. Doctor Fleming i c.Goya.<\/li>\n\n\n\n<li>De 13.30 h a 14 h. Rbla. de la Mina\/c. Ponent.<\/li>\n<\/ul>\n\n\n\n<p><strong>Divendres mat\u00ed<\/strong><\/p>\n\n\n\n<ul class=\"wp-block-list\">\n<li>De 9 h a 9.50 h. Av. de la Catalana (a prop de la pl. Charlie Rivel)<\/li>\n<\/ul>\n\n\n\n<p><strong><a href=\"https:\/\/www.sant-adria.cat\/sant-adria-per-temes\/medi-ambient\/residus-1\/deixalleria-mobil-i-deixalleria-fixa\">M\u00e9s informaci\u00f3 sobre el servei<\/a><\/strong><\/p>\n","protected":false},"excerpt":{"rendered":"<p>La deixalleria m\u00f2bil arribar\u00e0 a partir del dijous 4 d&#8217;abril als barris de La Catalana i de Via Trajana.El servei estar\u00e0 disponible els dijous, de 9 a 9.50 h, a Via Trajana (entre el c. Safo i el c. Guip\u00fascoa) i els divendres, en la mateixa franja hor\u00e0ria, a l&#8217;av. de la Catalana (a prop [&hellip;]<\/p>\n","protected":false},"author":2,"featured_media":7241,"comment_status":"closed","ping_status":"open","sticky":false,"template":"","format":"standard","meta":{"footnotes":""},"categories":[134],"tags":[],"class_list":{"0":"post-7240","1":"post","2":"type-post","3":"status-publish","4":"format-standard","5":"has-post-thumbnail","7":"category-actualitat"},"_links":{"self":[{"href":"https:\/\/www.areabesos.com\/diario\/wp-json\/wp\/v2\/posts\/7240","targetHints":{"allow":["GET"]}}],"collection":[{"href":"https:\/\/www.areabesos.com\/diario\/wp-json\/wp\/v2\/posts"}],"about":[{"href":"https:\/\/www.areabesos.com\/diario\/wp-json\/wp\/v2\/types\/post"}],"author":[{"embeddable":true,"href":"https:\/\/www.areabesos.com\/diario\/wp-json\/wp\/v2\/users\/2"}],"replies":[{"embeddable":true,"href":"https:\/\/www.areabesos.com\/diario\/wp-json\/wp\/v2\/comments?post=7240"}],"version-history":[{"count":1,"href":"https:\/\/www.areabesos.com\/diario\/wp-json\/wp\/v2\/posts\/7240\/revisions"}],"predecessor-version":[{"id":7242,"href":"https:\/\/www.areabesos.com\/diario\/wp-json\/wp\/v2\/posts\/7240\/revisions\/7242"}],"wp:featuredmedia":[{"embeddable":true,"href":"https:\/\/www.areabesos.com\/diario\/wp-json\/wp\/v2\/media\/7241"}],"wp:attachment":[{"href":"https:\/\/www.areabesos.com\/diario\/wp-json\/wp\/v2\/media?parent=7240"}],"wp:term":[{"taxonomy":"category","embeddable":true,"href":"https:\/\/www.areabesos.com\/diario\/wp-json\/wp\/v2\/categories?post=7240"},{"taxonomy":"post_tag","embeddable":true,"href":"https:\/\/www.areabesos.com\/diario\/wp-json\/wp\/v2\/tags?post=7240"}],"curies":[{"name":"wp","href":"https:\/\/api.w.org\/{rel}","templated":true}]}}