{"id":7238,"date":"2024-03-26T12:23:58","date_gmt":"2024-03-26T11:23:58","guid":{"rendered":"https:\/\/www.areabesos.com\/diario\/?p=7238"},"modified":"2024-03-26T12:23:58","modified_gmt":"2024-03-26T11:23:58","slug":"erc-aconsegueix-el-financament-per-reobrir-la-piscina-del-poliesportiu-ricart","status":"publish","type":"post","link":"https:\/\/www.areabesos.com\/diario\/erc-aconsegueix-el-financament-per-reobrir-la-piscina-del-poliesportiu-ricart\/","title":{"rendered":"ERC aconsegueix el finan\u00e7ament per reobrir la piscina del poliesportiu Ricart"},"content":{"rendered":"\n<p>El setembre de 2014, l\u2019Ajuntament de Sant Adri\u00e0 de Bes\u00f2s (PSC) va decidir tancar la piscina del poliesportiu Ricart. El trencament del vas de la piscina va ser el motiu esgrimit per l\u2019equip de govern per justificar-ho. Des de llavors, han passat deu anys i moltes promeses electorals que han quedat buides. Fins aquest dilluns que ERC Sant Adri\u00e0 ha tornat a portar-ho al Ple municipal.&nbsp;<\/p>\n\n\n\n<p>Els republicans van presentar una proposta per fer servir els 2.102.152,36\u202f\u20ac que ha atorgat la Diputaci\u00f3 de Barcelona a la ciutat per la reobertura de la piscina del poliesportiu Ricart.<\/p>\n\n\n\n<p>D\u2019aquesta forma porten a debat la gesti\u00f3 dels equipaments esportius de la ciutat i concretament, la reobertura de la piscina que els ve\u00efns i ve\u00efnes, especialment els de Sant Adri\u00e0 Nord, han reclamat de forma insistent de fa deu anys.<\/p>\n\n\n\n<p><strong>Oposici\u00f3 socialista i abstenci\u00f3 dels comuns<\/strong><\/p>\n\n\n\n<p>La proposta per\u00f2, ha estat rebutjada per la majoria absoluta dels socialistes. Sant Adri\u00e0 en Com\u00fa, per la seva banda, ha optat per una abstenci\u00f3 a la proposta. Aix\u00ed els republicans han aconseguit 8 vots a favor, 1 abstenci\u00f3 i 11 vots en contra, quedant rebutjada la proposta.<\/p>\n\n\n\n<p>No obstant aix\u00f2, ERC ha defensat al Ple que mai no abandonaran la defensa d\u2019un projecte necessari i una reclamaci\u00f3 ve\u00efnal que ha quedat a un calaix. Es presenten com la garantia de perseguir-ho fins que sigui una realitat.<\/p>\n\n\n\n<p><strong>El poliesportiu Ricart no \u00e9s una prioritat pel govern de la ciutat<\/strong><\/p>\n\n\n\n<p>Els republicans han explicat al Ple que entenen i respecten que el govern municipal decideixi destinar els diners on considerin; tanmateix, demanen no posar-se d&#8217;esquena a una necessitat sobretot tenint en compte la situaci\u00f3 de totes les instal\u00b7lacions esportives de la ciutat.<\/p>\n\n\n\n<p><em>\u201cSi tenim els diners, perqu\u00e8 hi s\u00f3n i existeixen els projectes, \u00e9s nom\u00e9s q\u00fcesti\u00f3 de voluntat pol\u00edtica que sigui una realitat. Fem-ho possible.\u201d<\/em><\/p>\n\n\n\n<p><strong>Argumenta Rub\u00e8n Arenas, portaveu d\u2019ERC.<\/strong><em><\/em><\/p>\n\n\n\n<p>Tamb\u00e9 han explicat que per ells, el poliesportiu Ricart s\u00ed que \u00e9s una prioritat. I que utilitzaran la seva influ\u00e8ncia com per portar el debat al Ple i a qu\u00e8 se\u2019n parli dels projectes de ciutat que si poden marcar la difer\u00e8ncia. El portaveu republic\u00e0 ha reblat:<\/p>\n\n\n\n<p><em>\u201c\u00c9s leg\u00edtim, en la vostra idea de ciutat [de l\u2019equip de govern], el poliesportiu Ricart mai ha estat una prioritat; en canvi, per als republicans, la gesti\u00f3 dels equipaments esportius i que es torni a obrir aquesta piscina \u00e9s quelcom molt important.\u201d<br><br><\/em><\/p>\n","protected":false},"excerpt":{"rendered":"<p>El setembre de 2014, l\u2019Ajuntament de Sant Adri\u00e0 de Bes\u00f2s (PSC) va decidir tancar la piscina del poliesportiu Ricart. El trencament del vas de la piscina va ser el motiu esgrimit per l\u2019equip de govern per justificar-ho. Des de llavors, han passat deu anys i moltes promeses electorals que han quedat buides. Fins aquest dilluns [&hellip;]<\/p>\n","protected":false},"author":2,"featured_media":7173,"comment_status":"closed","ping_status":"open","sticky":false,"template":"","format":"standard","meta":{"footnotes":""},"categories":[134],"tags":[],"class_list":{"0":"post-7238","1":"post","2":"type-post","3":"status-publish","4":"format-standard","5":"has-post-thumbnail","7":"category-actualitat"},"_links":{"self":[{"href":"https:\/\/www.areabesos.com\/diario\/wp-json\/wp\/v2\/posts\/7238","targetHints":{"allow":["GET"]}}],"collection":[{"href":"https:\/\/www.areabesos.com\/diario\/wp-json\/wp\/v2\/posts"}],"about":[{"href":"https:\/\/www.areabesos.com\/diario\/wp-json\/wp\/v2\/types\/post"}],"author":[{"embeddable":true,"href":"https:\/\/www.areabesos.com\/diario\/wp-json\/wp\/v2\/users\/2"}],"replies":[{"embeddable":true,"href":"https:\/\/www.areabesos.com\/diario\/wp-json\/wp\/v2\/comments?post=7238"}],"version-history":[{"count":1,"href":"https:\/\/www.areabesos.com\/diario\/wp-json\/wp\/v2\/posts\/7238\/revisions"}],"predecessor-version":[{"id":7239,"href":"https:\/\/www.areabesos.com\/diario\/wp-json\/wp\/v2\/posts\/7238\/revisions\/7239"}],"wp:featuredmedia":[{"embeddable":true,"href":"https:\/\/www.areabesos.com\/diario\/wp-json\/wp\/v2\/media\/7173"}],"wp:attachment":[{"href":"https:\/\/www.areabesos.com\/diario\/wp-json\/wp\/v2\/media?parent=7238"}],"wp:term":[{"taxonomy":"category","embeddable":true,"href":"https:\/\/www.areabesos.com\/diario\/wp-json\/wp\/v2\/categories?post=7238"},{"taxonomy":"post_tag","embeddable":true,"href":"https:\/\/www.areabesos.com\/diario\/wp-json\/wp\/v2\/tags?post=7238"}],"curies":[{"name":"wp","href":"https:\/\/api.w.org\/{rel}","templated":true}]}}