{"id":7225,"date":"2024-03-25T10:58:54","date_gmt":"2024-03-25T09:58:54","guid":{"rendered":"https:\/\/www.areabesos.com\/diario\/?p=7225"},"modified":"2024-03-25T10:58:54","modified_gmt":"2024-03-25T09:58:54","slug":"loficina-mobil-daigues-de-barcelona-a-sant-adria-2","status":"publish","type":"post","link":"https:\/\/www.areabesos.com\/diario\/loficina-mobil-daigues-de-barcelona-a-sant-adria-2\/","title":{"rendered":"L&#8217;oficina m\u00f2bil d&#8217;Aig\u00fces de Barcelona a Sant Adri\u00e0"},"content":{"rendered":"\n<p>Aig\u00fces de Barcelona, empresa que gestiona el cicle integral de l\u2019aigua en el municipi de Sant Adri\u00e0 de Bes\u00f2s, posa en marxa el servei&nbsp;<strong>d\u2019oficina m\u00f2bil<\/strong>&nbsp;amb l\u2019objectiu d\u2019apropar l\u2019atenci\u00f3 presencial als habitants del municipi, facilitant la&nbsp;<strong>gesti\u00f3 dels tr\u00e0mits i consultes sobre el servei i consum de l\u2019aigua, a prop de casa<\/strong>. La iniciativa compta amb la col\u00b7laboraci\u00f3 de l\u2019Ajuntament Sant Adri\u00e0 de Bes\u00f2s.<\/p>\n\n\n\n<p>La ciutadania podr\u00e0 fer, de manera presencial, totes les consultes i gestions que requereixi (menys pagaments), sense necessitat de cita pr\u00e8via.<\/p>\n\n\n\n<p>L&#8217;oficina m\u00f2bil d&#8217;Aig\u00fces de Barcelona estar\u00e0 disponible a Sant Adri\u00e0 del Bes\u00f2s el primer dimarts del mes:<\/p>\n\n\n\n<ul class=\"wp-block-list\">\n<li>2 d\u2019abril de 2024<\/li>\n\n\n\n<li>7 de maig de 2024<\/li>\n\n\n\n<li>4 de juny de 2024<\/li>\n<\/ul>\n\n\n\n<p><strong>Horari:&nbsp;<\/strong>de 9 a 13.30 h.<\/p>\n\n\n\n<p><strong>Lloc:<\/strong>&nbsp;pla\u00e7a de la Vila<\/p>\n","protected":false},"excerpt":{"rendered":"<p>Aig\u00fces de Barcelona, empresa que gestiona el cicle integral de l\u2019aigua en el municipi de Sant Adri\u00e0 de Bes\u00f2s, posa en marxa el servei&nbsp;d\u2019oficina m\u00f2bil&nbsp;amb l\u2019objectiu d\u2019apropar l\u2019atenci\u00f3 presencial als habitants del municipi, facilitant la&nbsp;gesti\u00f3 dels tr\u00e0mits i consultes sobre el servei i consum de l\u2019aigua, a prop de casa. La iniciativa compta amb la [&hellip;]<\/p>\n","protected":false},"author":2,"featured_media":7226,"comment_status":"closed","ping_status":"open","sticky":false,"template":"","format":"standard","meta":{"footnotes":""},"categories":[134],"tags":[],"class_list":{"0":"post-7225","1":"post","2":"type-post","3":"status-publish","4":"format-standard","5":"has-post-thumbnail","7":"category-actualitat"},"_links":{"self":[{"href":"https:\/\/www.areabesos.com\/diario\/wp-json\/wp\/v2\/posts\/7225","targetHints":{"allow":["GET"]}}],"collection":[{"href":"https:\/\/www.areabesos.com\/diario\/wp-json\/wp\/v2\/posts"}],"about":[{"href":"https:\/\/www.areabesos.com\/diario\/wp-json\/wp\/v2\/types\/post"}],"author":[{"embeddable":true,"href":"https:\/\/www.areabesos.com\/diario\/wp-json\/wp\/v2\/users\/2"}],"replies":[{"embeddable":true,"href":"https:\/\/www.areabesos.com\/diario\/wp-json\/wp\/v2\/comments?post=7225"}],"version-history":[{"count":1,"href":"https:\/\/www.areabesos.com\/diario\/wp-json\/wp\/v2\/posts\/7225\/revisions"}],"predecessor-version":[{"id":7227,"href":"https:\/\/www.areabesos.com\/diario\/wp-json\/wp\/v2\/posts\/7225\/revisions\/7227"}],"wp:featuredmedia":[{"embeddable":true,"href":"https:\/\/www.areabesos.com\/diario\/wp-json\/wp\/v2\/media\/7226"}],"wp:attachment":[{"href":"https:\/\/www.areabesos.com\/diario\/wp-json\/wp\/v2\/media?parent=7225"}],"wp:term":[{"taxonomy":"category","embeddable":true,"href":"https:\/\/www.areabesos.com\/diario\/wp-json\/wp\/v2\/categories?post=7225"},{"taxonomy":"post_tag","embeddable":true,"href":"https:\/\/www.areabesos.com\/diario\/wp-json\/wp\/v2\/tags?post=7225"}],"curies":[{"name":"wp","href":"https:\/\/api.w.org\/{rel}","templated":true}]}}