{"id":7222,"date":"2024-03-25T10:50:09","date_gmt":"2024-03-25T09:50:09","guid":{"rendered":"https:\/\/www.areabesos.com\/diario\/?p=7222"},"modified":"2024-03-25T10:50:10","modified_gmt":"2024-03-25T09:50:10","slug":"prop-dun-centenar-de-persones-participen-en-la-jornada-de-portes-obertes-a-depuradores-del-consorci-amb-motiu-del-dia-mundial-de-laigua-i-de-la-meteorologia","status":"publish","type":"post","link":"https:\/\/www.areabesos.com\/diario\/prop-dun-centenar-de-persones-participen-en-la-jornada-de-portes-obertes-a-depuradores-del-consorci-amb-motiu-del-dia-mundial-de-laigua-i-de-la-meteorologia\/","title":{"rendered":"Prop d\u2019un centenar de persones participen en la jornada de portes obertes a depuradores del Consorci amb motiu del Dia Mundial de l\u2019Aigua i de la Meteorologia"},"content":{"rendered":"\n<p><a>Prop d\u2019un centenar de persones han visitat aquest passat dissabte les estacions depuradores d\u2019aig\u00fces residuals (EDAR) <strong>Castellar del Vall\u00e8s<\/strong>, <strong>Montorn\u00e8s del Vall\u00e8s<\/strong> i <strong>Santa Maria de Palautordera <\/strong>per con\u00e8ixer de primera m\u00e0 quin \u00e9s el recorregut que segueix tota l\u2019aigua que fan servir di\u00e0riament a casa des que hi arriba a aquestes instal\u00b7lacions de sanejament, a trav\u00e9s de les xarxes de clavegueram i col\u00b7lectors, fins que es converteix en aigua depurada, apta per ser abocada al medi o per ser sotmesa a tractaments addicionals i reaprofitar-la per a nous usos.<\/a><\/p>\n\n\n\n<p>Durant les visites, guiades i organitzades en diferents torns, s\u2019han detallat els principals passos del sanejament per aconseguir aigua depurada: pretractament (passant pel desbast de fins, el desgreixador i el dessorrador), decantaci\u00f3 prim\u00e0ria, reactors biol\u00f2gics i decantaci\u00f3 secund\u00e0ria. L\u2019explicaci\u00f3 s\u2019ha completat amb els tractaments que s\u2019apliquen en cadascuna d\u2019aquestes EDAR a una part d\u2019aquesta aigua ja depurada per a obtenir-ne aigua regenerada, que s\u2019ofereix als municipis per a usos que no requereixen aigua potable, com poden ser la neteja vi\u00e0ria i el reg.<\/p>\n\n\n\n<p>L\u2019activitat ha estat emmarcada dins la campanya promoguda des del <strong>Departament d\u2019Acci\u00f3 Clim\u00e0tica, Alimentaci\u00f3 i Agenda Rural<\/strong> i les unitats que en depenen, com l\u2019<strong>Ag\u00e8ncia Catalana de l\u2019Aigua <\/strong>(ACA), sota el t\u00edtol \u201cCelebrem el Dia Mundial de l\u2019Aigua i la Meteorologia\u201d amb l\u2019objectiu de centrar l\u2019atenci\u00f3 en el valor essencial de l\u2019aigua i en la defensa de la gesti\u00f3 sostenible dels recursos h\u00eddrics, especialment important en l\u2019actual context de sequera. En total, s\u2019han obert una vintena d\u2019instal\u00b7lacions, entre les quals diferents EDAR, potabilitzadores, dessaladores i estacions de regeneraci\u00f3, a m\u00e9s d\u2019estacions meteorol\u00f2giques, que han rebut uns 600 visitants.<\/p>\n","protected":false},"excerpt":{"rendered":"<p>Prop d\u2019un centenar de persones han visitat aquest passat dissabte les estacions depuradores d\u2019aig\u00fces residuals (EDAR) Castellar del Vall\u00e8s, Montorn\u00e8s del Vall\u00e8s i Santa Maria de Palautordera per con\u00e8ixer de primera m\u00e0 quin \u00e9s el recorregut que segueix tota l\u2019aigua que fan servir di\u00e0riament a casa des que hi arriba a aquestes instal\u00b7lacions de sanejament, [&hellip;]<\/p>\n","protected":false},"author":2,"featured_media":7223,"comment_status":"closed","ping_status":"open","sticky":false,"template":"","format":"standard","meta":{"footnotes":""},"categories":[142],"tags":[],"class_list":{"0":"post-7222","1":"post","2":"type-post","3":"status-publish","4":"format-standard","5":"has-post-thumbnail","7":"category-comarca"},"_links":{"self":[{"href":"https:\/\/www.areabesos.com\/diario\/wp-json\/wp\/v2\/posts\/7222","targetHints":{"allow":["GET"]}}],"collection":[{"href":"https:\/\/www.areabesos.com\/diario\/wp-json\/wp\/v2\/posts"}],"about":[{"href":"https:\/\/www.areabesos.com\/diario\/wp-json\/wp\/v2\/types\/post"}],"author":[{"embeddable":true,"href":"https:\/\/www.areabesos.com\/diario\/wp-json\/wp\/v2\/users\/2"}],"replies":[{"embeddable":true,"href":"https:\/\/www.areabesos.com\/diario\/wp-json\/wp\/v2\/comments?post=7222"}],"version-history":[{"count":1,"href":"https:\/\/www.areabesos.com\/diario\/wp-json\/wp\/v2\/posts\/7222\/revisions"}],"predecessor-version":[{"id":7224,"href":"https:\/\/www.areabesos.com\/diario\/wp-json\/wp\/v2\/posts\/7222\/revisions\/7224"}],"wp:featuredmedia":[{"embeddable":true,"href":"https:\/\/www.areabesos.com\/diario\/wp-json\/wp\/v2\/media\/7223"}],"wp:attachment":[{"href":"https:\/\/www.areabesos.com\/diario\/wp-json\/wp\/v2\/media?parent=7222"}],"wp:term":[{"taxonomy":"category","embeddable":true,"href":"https:\/\/www.areabesos.com\/diario\/wp-json\/wp\/v2\/categories?post=7222"},{"taxonomy":"post_tag","embeddable":true,"href":"https:\/\/www.areabesos.com\/diario\/wp-json\/wp\/v2\/tags?post=7222"}],"curies":[{"name":"wp","href":"https:\/\/api.w.org\/{rel}","templated":true}]}}