{"id":7217,"date":"2024-03-18T11:59:29","date_gmt":"2024-03-18T10:59:29","guid":{"rendered":"https:\/\/www.areabesos.com\/diario\/?p=7217"},"modified":"2024-03-22T12:04:10","modified_gmt":"2024-03-22T11:04:10","slug":"arriba-spro-a-sant-adria-de-besos","status":"publish","type":"post","link":"https:\/\/www.areabesos.com\/diario\/arriba-spro-a-sant-adria-de-besos\/","title":{"rendered":"L&#8217;App SPRO funciona ja a Sant Adri\u00e0 de Bes\u00f2s"},"content":{"rendered":"\n<p><\/p>\n\n\n\n<p><strong>Ja ha arribat a Sant Adri\u00e0 de Bes\u00f2s SPRO<\/strong>, l\u2019aplicaci\u00f3 m\u00f2bil per a professionals que treballen a Barcelona i la seva \u00e0rea metropolitana. Serveix per unificar i millorar la gesti\u00f3 i&nbsp;<strong>l\u2019estacionament a les places destinades a la distribuci\u00f3 urbana de mercaderies (DUM)<\/strong>. Amb aquesta aplicaci\u00f3, els professionals poden concentrar la gesti\u00f3 de l\u2019estacionament dels seus vehicles comercials en una \u00fanica app per a tota la metr\u00f2polis de Barcelona.<\/p>\n\n\n\n<p>L\u2019SPRO tamb\u00e9 est\u00e0 actiu a Badalona, Barcelona, Castelldefels, Esplugues de Llobregat, l\u2019Hospitalet de Llobregat, Sant Joan Desp\u00ed, Sant Just Desvern, Santa Coloma de Gramenet, Sant Boi de Llobregat i el Prat de Llobregat.<\/p>\n\n\n\n<p>L\u2019app \u00e9s gratu\u00efta i est\u00e0 disponible tant per a dispositius iOS (sistema Apple) com Android. Des que es va activar, el nombre d&#8217;operacions mensuals ha anat augmentant progressivament. En total, sense tenir en compte la ciutat de Barcelona, durant el 4t trimestre del 2023 es van realitzar 172.324 operacions. L&#8217;any 2023 es va tancar amb 677.166 operacions, un 16% m\u00e9s que el 2022.<\/p>\n\n\n\n<p>Amb el desplegament d\u2019aquesta app, l\u2019AMB dona resposta a la reivindicaci\u00f3 hist\u00f2rica del sector per avan\u00e7ar cap a l\u2019harmonitzaci\u00f3 de les condicions de c\u00e0rrega i desc\u00e0rrega a la metr\u00f2polis de Barcelona. Juntament amb la posada en servei de l\u2019aplicaci\u00f3, l\u2019AMB ha instal\u00b7lat 144 senyals per a 72 zones de c\u00e0rrega i descarrega en tot el municipi finan\u00e7ades amb fons Next Generation.<\/p>\n","protected":false},"excerpt":{"rendered":"<p>Ja ha arribat a Sant Adri\u00e0 de Bes\u00f2s SPRO, l\u2019aplicaci\u00f3 m\u00f2bil per a professionals que treballen a Barcelona i la seva \u00e0rea metropolitana. Serveix per unificar i millorar la gesti\u00f3 i&nbsp;l\u2019estacionament a les places destinades a la distribuci\u00f3 urbana de mercaderies (DUM). Amb aquesta aplicaci\u00f3, els professionals poden concentrar la gesti\u00f3 de l\u2019estacionament dels seus [&hellip;]<\/p>\n","protected":false},"author":2,"featured_media":7218,"comment_status":"closed","ping_status":"open","sticky":false,"template":"","format":"standard","meta":{"footnotes":""},"categories":[134],"tags":[],"class_list":{"0":"post-7217","1":"post","2":"type-post","3":"status-publish","4":"format-standard","5":"has-post-thumbnail","7":"category-actualitat"},"_links":{"self":[{"href":"https:\/\/www.areabesos.com\/diario\/wp-json\/wp\/v2\/posts\/7217","targetHints":{"allow":["GET"]}}],"collection":[{"href":"https:\/\/www.areabesos.com\/diario\/wp-json\/wp\/v2\/posts"}],"about":[{"href":"https:\/\/www.areabesos.com\/diario\/wp-json\/wp\/v2\/types\/post"}],"author":[{"embeddable":true,"href":"https:\/\/www.areabesos.com\/diario\/wp-json\/wp\/v2\/users\/2"}],"replies":[{"embeddable":true,"href":"https:\/\/www.areabesos.com\/diario\/wp-json\/wp\/v2\/comments?post=7217"}],"version-history":[{"count":3,"href":"https:\/\/www.areabesos.com\/diario\/wp-json\/wp\/v2\/posts\/7217\/revisions"}],"predecessor-version":[{"id":7221,"href":"https:\/\/www.areabesos.com\/diario\/wp-json\/wp\/v2\/posts\/7217\/revisions\/7221"}],"wp:featuredmedia":[{"embeddable":true,"href":"https:\/\/www.areabesos.com\/diario\/wp-json\/wp\/v2\/media\/7218"}],"wp:attachment":[{"href":"https:\/\/www.areabesos.com\/diario\/wp-json\/wp\/v2\/media?parent=7217"}],"wp:term":[{"taxonomy":"category","embeddable":true,"href":"https:\/\/www.areabesos.com\/diario\/wp-json\/wp\/v2\/categories?post=7217"},{"taxonomy":"post_tag","embeddable":true,"href":"https:\/\/www.areabesos.com\/diario\/wp-json\/wp\/v2\/tags?post=7217"}],"curies":[{"name":"wp","href":"https:\/\/api.w.org\/{rel}","templated":true}]}}